{"id":7422,"date":"2024-07-22T10:36:50","date_gmt":"2024-07-22T07:36:50","guid":{"rendered":"https:\/\/stroyarsenal62.com\/es\/what-are-the-dimensions-of-the-window-in-the\/"},"modified":"2024-07-22T10:36:50","modified_gmt":"2024-07-22T07:36:50","slug":"what-are-the-dimensions-of-the-window-in-the","status":"publish","type":"post","link":"https:\/\/stroyarsenal62.com\/es\/what-are-the-dimensions-of-the-window-in-the\/","title":{"rendered":"Cu\u00e1les son las dimensiones de la ventana del cuarto de ba\u00f1o y del aseo de un particular y de un edificio de apartamentos??"},"content":{"rendered":"\n<p>Hay varios factores importantes a la hora de determinar el tama\u00f1o y las especificaciones de las ventanas de los cuartos de ba\u00f1o, tanto en viviendas particulares como en edificios de apartamentos. Estas ventanas equilibran la privacidad con la luz natural y la ventilaci\u00f3n, satisfaciendo necesidades tanto pr\u00e1cticas como est\u00e9ticas.<\/p>\n<p>Por motivos de privacidad, las ventanas de los cuartos de ba\u00f1o de las viviendas particulares suelen ser m\u00e1s peque\u00f1as que las de otras habitaciones. El tama\u00f1o suele variar entre 24 y 36 pulgadas, tanto en anchura como en altura, en funci\u00f3n del dise\u00f1o y la distribuci\u00f3n del cuarto de ba\u00f1o. Este tama\u00f1o garantiza suficiente luz natural a la vez que preserva la intimidad de los residentes.<\/p>\n<p>El tama\u00f1o de las ventanas de los cuartos de ba\u00f1o de los edificios de viviendas se rige por las normas y reglamentos de construcci\u00f3n espec\u00edficos de cada lugar. La normativa, sobre todo en edificios de varias plantas, suele estipular tama\u00f1os m\u00ednimos para garantizar una ventilaci\u00f3n adecuada y una salida de emergencia. Las ventanas de los cuartos de ba\u00f1o de los apartamentos suelen ser peque\u00f1as y pr\u00e1cticas, para adaptarse a las limitaciones de las zonas urbanas.<\/p>\n<p>La ubicaci\u00f3n de las ventanas de los cuartos de ba\u00f1o es importante tanto si el edificio es una residencia privada como si se trata de un complejo de apartamentos. Para maximizar la privacidad y permitir al mismo tiempo la entrada de luz, suelen colocarse a mayor altura en las paredes. En algunos dise\u00f1os contempor\u00e1neos se utiliza vidrio esmerilado o texturizado para aumentar a\u00fan m\u00e1s la privacidad y preservar al mismo tiempo la luz natural.<\/p>\n<blockquote><p>\n   Las dimensiones de las ventanas de los cuartos de ba\u00f1o son importantes porque determinan la funcionalidad, la privacidad y el atractivo est\u00e9tico tanto de las viviendas particulares como de los edificios de apartamentos. Estas ventanas deben cumplir la normativa de edificaci\u00f3n y, al mismo tiempo, mejorar el confort y la utilidad general de la zona, estableciendo un equilibrio entre la necesidad de luz natural y factores como la ventilaci\u00f3n, el tama\u00f1o y la ubicaci\u00f3n. A la hora de construir o renovar un cuarto de ba\u00f1o, conocer estas dimensiones permite tanto a los constructores como a los propietarios tomar decisiones bien fundadas que maximicen la funcionalidad y la est\u00e9tica.\n  <\/p><\/blockquote>\n<h2>Documentos y requisitos normativos<\/h2>\n<p>El SNiP y el SP actuales no regulan la instalaci\u00f3n de ventanas en los cuartos de ba\u00f1o porque estos espacios s\u00f3lo est\u00e1n destinados a ser ocupados temporalmente. Simult\u00e1neamente, se instalaron estructuras transl\u00facidas en la pared adyacente a la cocina en cuartos de ba\u00f1o combinados de la era sovi\u00e9tica. La finalidad de estos elementos era dejar entrar la luz natural en el espacio, lo que ayudaba a ahorrar energ\u00eda.<\/p>\n<p>Indirectamente, las siguientes directrices rigen las dimensiones de la estructura de las ventanas:<\/p>\n<ul>\n<li>GOST 56926 &quot;Estructuras de ventanas y balcones para diversos fines funcionales para edificios residenciales&quot;.<\/li>\n<li>GOST 34378-2018 &quot;Estructuras de cerramiento transl\u00facido. Trabajos de instalaci\u00f3n, control y requisitos de los resultados de los trabajos&quot;.<\/li>\n<li>GOST 23166-99 &quot;Bloques de ventanas. Condiciones t\u00e9cnicas generales&quot;.<\/li>\n<li>SP 73.13330.2016 &quot;Sistemas sanitarios internos de los edificios&quot;.<\/li>\n<\/ul>\n<blockquote><p>\n   Hay que tener en cuenta que el dise\u00f1ador de un ba\u00f1o grande, definido como aquel que tiene 6 m2 o m\u00e1s, debe garantizar que el espacio tenga aire fresco. Esto se consigue abriendo las hojas de las ventanas empotradas en las paredes exteriores o interiores.\n  <\/p><\/blockquote>\n<h2>Mesa de dimensiones est\u00e1ndar<\/h2>\n<p>Las unidades de ventana de ba\u00f1o se instalan de acuerdo con el proyecto. La siguiente tabla muestra las dimensiones de estructura de ventana que se utilizan con m\u00e1s frecuencia:<\/p>\n<table>\n<tbody>\n<tr>\n<td><strong>Marcando<\/strong> <strong>ventana<\/strong><\/td>\n<td><strong>Formulario<\/strong> <strong>transl\u00facido<\/strong>. <strong>dise\u00f1os<\/strong><\/td>\n<td><strong>Lugar<\/strong> <strong>colocaci\u00f3n<\/strong>, <strong>zona de aseos<\/strong>, <strong>m 2<\/strong><\/td>\n<td><strong>Anchura<\/strong> <strong>ventana<\/strong> <strong>bloque<\/strong>, <strong>mm<\/strong><\/td>\n<td><strong>Altura<\/strong> <strong>ventana<\/strong> <strong>bloque<\/strong>, <strong>mm<\/strong><\/td>\n<td><strong>Anchura<\/strong> <strong>apertura<\/strong>, <strong>mm<\/strong><\/td>\n<td><strong>Altura<\/strong> <strong>apertura<\/strong>, <strong>mm<\/strong><\/td>\n<td><strong>Dimensiones<\/strong> <strong>no de pie<\/strong>. <strong>ventana<\/strong> <strong>bloque<\/strong>, <strong>mm<\/strong><\/td>\n<td><strong>Dimensiones<\/strong> <strong>no de pie<\/strong>. <strong>apertura<\/strong>, <strong>mm<\/strong><\/td>\n<\/tr>\n<tr>\n<td>OR-3-3<\/td>\n<td>Cuadrado<\/td>\n<td>ba\u00f1o t\u00edpico, 3 &#8211; 4<\/td>\n<td>270<\/td>\n<td>270<\/td>\n<td>310<\/td>\n<td>310<\/td>\n<td>&#8211;<\/td>\n<td>&#8211;<\/td>\n<\/tr>\n<tr>\n<td>OR-3-6<\/td>\n<td>Rectangular.<\/td>\n<td>Ba\u00f1o t\u00edpico, 4 &#8211; 5<\/td>\n<td>270<\/td>\n<td>570<\/td>\n<td>310<\/td>\n<td>610<\/td>\n<td>&#8211;<\/td>\n<td>&#8211;<\/td>\n<\/tr>\n<tr>\n<td>OR-6-3<\/td>\n<td>Rectangular.<\/td>\n<td>Ba\u00f1o t\u00edpico, 5 &#8211; 6<\/td>\n<td>570<\/td>\n<td>270<\/td>\n<td>610<\/td>\n<td>310<\/td>\n<td>&#8211;<\/td>\n<td>&#8211;<\/td>\n<\/tr>\n<tr>\n<td>OR-9-3<\/td>\n<td>Rectangular.<\/td>\n<td>Ba\u00f1o t\u00edpico 6<\/td>\n<td>270<\/td>\n<td>870<\/td>\n<td>310<\/td>\n<td>910<\/td>\n<td>&#8211;<\/td>\n<td>&#8211;<\/td>\n<\/tr>\n<tr>\n<td>OR-9-6<\/td>\n<td>Rectangular.<\/td>\n<td>Aumento. cuarto de ba\u00f1o, 6 &#8211; 8<\/td>\n<td>570<\/td>\n<td>870<\/td>\n<td>610<\/td>\n<td>910<\/td>\n<td>&#8211;<\/td>\n<td>&#8211;<\/td>\n<\/tr>\n<tr>\n<td>OR-3<\/td>\n<td>C\u00edrculo<\/td>\n<td>Nido y. ba\u00f1o, hasta 5<\/td>\n<td>&#8211;<\/td>\n<td>&#8211;<\/td>\n<td>&#8211;<\/td>\n<td>&#8211;<\/td>\n<td>D=270<\/td>\n<td>D=310<\/td>\n<\/tr>\n<tr>\n<td>OR-6<\/td>\n<td>C\u00edrculo<\/td>\n<td>Cuarto de ba\u00f1o no est\u00e1ndar, hasta 8<\/td>\n<td>&#8211;<\/td>\n<td>&#8211;<\/td>\n<td>&#8211;<\/td>\n<td>&#8211;<\/td>\n<td>D=570<\/td>\n<td>D=610<\/td>\n<\/tr>\n<tr>\n<td>Trapecio. transl\u00facida<\/td>\n<td>Trapecio<\/td>\n<td>cuarto de ba\u00f1o en el \u00e1tico<\/td>\n<td>&#8211;<\/td>\n<td>&#8211;<\/td>\n<td>&#8211;<\/td>\n<td>&#8211;<\/td>\n<td>Producido.<\/td>\n<td>Producido.<\/td>\n<\/tr>\n<\/tbody>\n<\/table>\n<p>La relaci\u00f3n entre la superficie \u00fatil y las dimensiones de las estructuras transl\u00facidas, la facilidad de uso del espacio y las tasas de intercambio de aire son las directrices de los arquitectos a la hora de instalar unidades de ventana en los cuartos de ba\u00f1o.<\/p>\n<blockquote><p>\n   En las viviendas particulares, las ventanas pueden tener un impacto significativo en el dise\u00f1o interior en funci\u00f3n de las preferencias del cliente. Para mejorar las vistas, los arquitectos suelen incluir acristalamiento panor\u00e1mico en los pisos superiores de los edificios comerciales y de lujo de gran altura.\n  <\/p><\/blockquote>\n<h2>No est\u00e1ndar<\/h2>\n<p>Las estructuras transparentes pueden tener formas y dimensiones no est\u00e1ndar, adem\u00e1s de las dimensiones modulares enumeradas en la tabla anterior, que suelen encontrarse en los cat\u00e1logos est\u00e1ndar de cada empresa de ventanas:<\/p>\n<p><img decoding=\"async\" class=\"aligncenter\"  src=\"\/wp-content\/uploads\/2024\/07\/kakovy-razmery-okna-v-sanuzle-i-vannoj-chastnogo-i_1.jpg\"><\/p>\n<ul>\n<li>Al instalar una caldera de gas en un cuarto de ba\u00f1o, hay que tener en cuenta que por cada 1 m 3 de volumen de la habitaci\u00f3n, al menos 0.Se necesitan 03 m 2 de estructuras transl\u00facidas. En la mayor\u00eda de los casos, el tama\u00f1o requerido se asigna con un margen, hasta el tama\u00f1o de ventana modular m\u00e1s pr\u00f3ximo.<\/li>\n<li>Al disponer un cuarto de ba\u00f1o en el espacio bajo el tejado o en el \u00e1tico, se recomienda respetar la geometr\u00eda del tejado inclinado, que requiere la instalaci\u00f3n de ventanas trapezoidales.<\/li>\n<li>En el caso de que el cuarto de ba\u00f1o est\u00e9 adosado a la pared exterior de un edificio privado o de apartamentos, y el arquitecto necesite mantener la l\u00ednea de la fachada, las dimensiones de las unidades de ventana pueden ser las mismas que en las salas de estar del edificio.<\/li>\n<\/ul>\n<p>El arquitecto determina los par\u00e1metros de apertura de acuerdo con las siguientes limitaciones legales y de planificaci\u00f3n:<\/p>\n<ul>\n<li>Garantizar la tasa de intercambio de aire requerida organizando un flujo natural de aire fresco en la habitaci\u00f3n.<\/li>\n<li>Desarrollo de soluciones de fachada en las que las ventanas desempe\u00f1an uno de los papeles principales.<\/li>\n<li>Proporcionar insolaci\u00f3n del espacio para ahorrar energ\u00eda durante el d\u00eda.<\/li>\n<li>Si se instala un quemador de gas, se requieren estructuras f\u00e1cilmente desmontables en caso de detonaci\u00f3n.<\/li>\n<\/ul>\n<blockquote><p>\n   La menor eficiencia energ\u00e9tica de un cuarto de ba\u00f1o es el \u00fanico inconveniente de tener ventanas, ya que las de doble acristalamiento provocan invariablemente una p\u00e9rdida considerable de calor.\n  <\/p><\/blockquote>\n<h2>Por qu\u00e9 es importante saber?<\/h2>\n<p>Por las siguientes razones, es fundamental conocer las especificaciones de los tama\u00f1os de las unidades de ventana instaladas en los cuartos de ba\u00f1o:<\/p>\n<p><img decoding=\"async\" class=\"aligncenter\"  src=\"\/wp-content\/uploads\/2024\/07\/kakovy-razmery-okna-v-sanuzle-i-vannoj-chastnogo-i_2.jpg\"><\/p>\n<ul>\n<li>Cumplimiento de los requisitos de las normas al instalar un calentador de gas para preparar agua caliente.<\/li>\n<li>Expresividad arquitect\u00f3nica de la fachada del edificio, siempre que el cuarto de ba\u00f1o se instale cerca de la pared exterior. El propietario de los locales tiene la oportunidad de pedir ventanas est\u00e1ndar a lo largo de toda la l\u00ednea de fachada de su propiedad.<\/li>\n<li>Las normas tambi\u00e9n permiten calcular con precisi\u00f3n la tasa de intercambio de aire y los \u00edndices de insolaci\u00f3n del cuarto de ba\u00f1o, lo que garantizar\u00e1 su funcionamiento confortable.<\/li>\n<\/ul>\n<p>Si el propietario solicita una apertura con dimensiones no est\u00e1ndar, existe la posibilidad de que pague de m\u00e1s a una empresa de ventanas por un pedido personalizado.<\/p>\n<table>\n<tbody>\n<tr>\n<td>Edificio privado<\/td>\n<td>Edificio de apartamentos<\/td>\n<\/tr>\n<tr>\n<td>Las ventanas de los cuartos de ba\u00f1o suelen tener entre 24 y 36 pulgadas de ancho y entre 36 y 48 pulgadas de alto, por lo que proporcionan luz y ventilaci\u00f3n adecuadas al tiempo que mantienen la intimidad.<\/td>\n<td>Las ventanas de los cuartos de ba\u00f1o de los apartamentos suelen ser m\u00e1s peque\u00f1as, de entre 18 y 24 pulgadas de ancho y de entre 24 y 36 pulgadas de alto, y est\u00e1n dise\u00f1adas para adaptarse a espacios m\u00e1s reducidos sin dejar de permitir la entrada de luz natural en la habitaci\u00f3n.<\/td>\n<\/tr>\n<\/tbody>\n<\/table>\n<p>Hay una serie de consideraciones que influyen en el tama\u00f1o de las ventanas de los cuartos de ba\u00f1o tanto en residencias privadas como en edificios de apartamentos. Dos factores muy importantes son la privacidad y la luz natural. Las ventanas de los ba\u00f1os de las casas particulares suelen ser m\u00e1s peque\u00f1as para preservar la intimidad y dejar entrar suficiente luz. Las dimensiones habituales oscilan entre los 60 y 60 cm y los 60 y 60 cm, aunque pueden variar en funci\u00f3n del estilo arquitect\u00f3nico y de cada persona.<\/p>\n<p>El tama\u00f1o de las ventanas de los cuartos de ba\u00f1o en los edificios de apartamentos suele estar estandarizado para garantizar la coherencia entre las distintas unidades. Los requisitos del c\u00f3digo de edificaci\u00f3n son m\u00e1s estrictos que en las viviendas particulares, pero suelen estar dise\u00f1ados para equilibrar la privacidad con la luz natural. Aunque estas ventanas est\u00e1n dispuestas para optimizar la luz sin sacrificar la intimidad, suelen ser m\u00e1s peque\u00f1as que las de las zonas de estar.<\/p>\n<p>Las dimensiones de las ventanas de los cuartos de ba\u00f1o, tanto en las viviendas particulares como en los pisos, dependen en gran medida de las normas de construcci\u00f3n. Estos c\u00f3digos protegen la intimidad y la seguridad, al tiempo que garantizan una iluminaci\u00f3n y ventilaci\u00f3n adecuadas. Para cumplir las normas de seguridad y funcionalidad, suelen especificar unas dimensiones m\u00ednimas y su colocaci\u00f3n en relaci\u00f3n con otras estructuras.<\/p>\n<p>En general, una combinaci\u00f3n de est\u00e9tica, funcionalidad y c\u00f3digos de construcci\u00f3n determina el tama\u00f1o de las ventanas de los cuartos de ba\u00f1o, tanto en residencias privadas como en edificios de apartamentos. Para crear un entorno de ba\u00f1o c\u00f3modo y funcional, hay que equilibrar estos factores a la hora de elegir el tama\u00f1o de ventana adecuado, tanto si est\u00e1 dise\u00f1ando una casa unifamiliar como un complejo de varias unidades.<\/p>\n<h2>V\u00eddeo sobre el tema<\/h2>\n<h3>CUARTO DE BA\u00d1O EN UNA CASA DE CAMPO<\/h3>\n<p><iframe loading=\"lazy\" width=\"560\" height=\"315\" src=\"https:\/\/www.youtube.com\/embed\/e3E826o4OI0\" frameborder=\"0\" allow=\"autoplay; encrypted-media\" allowfullscreen><\/iframe><\/p>\n<h3>VENTANA EN EL CUARTO DE BA\u00d1O. HACERLO O NO? | Base de conocimientos<\/h3>\n<p><iframe loading=\"lazy\" width=\"560\" height=\"315\" src=\"https:\/\/www.youtube.com\/embed\/wBFMUxt-V5E\" frameborder=\"0\" allow=\"autoplay; encrypted-media\" allowfullscreen><\/iframe><\/p>\n<h3>TAMA\u00d1O DE SU CASA NORMA Y REGLAS<\/h3>\n<p><iframe loading=\"lazy\" width=\"560\" height=\"315\" src=\"https:\/\/www.youtube.com\/embed\/LQ3QdgC3AWA\" frameborder=\"0\" allow=\"autoplay; encrypted-media\" allowfullscreen><\/iframe><\/p>\n","protected":false},"excerpt":{"rendered":"<p>Hay varios factores importantes a la hora de determinar el tama\u00f1o y las especificaciones de las ventanas de los cuartos de ba\u00f1o, tanto en viviendas particulares como en edificios de apartamentos. Estas ventanas equilibran la privacidad con la luz natural y la ventilaci\u00f3n, satisfaciendo necesidades tanto pr\u00e1cticas como est\u00e9ticas. Por motivos de privacidad, las ventanas [&hellip;]<\/p>\n","protected":false},"author":67,"featured_media":0,"comment_status":"open","ping_status":"open","sticky":false,"template":"","format":"standard","meta":{"footnotes":""},"categories":[23],"tags":[],"class_list":["post-7422","post","type-post","status-publish","format-standard","","category-house"],"yoast_head":"<!-- This site is optimized with the Yoast SEO plugin v28.2 - https:\/\/yoast.com\/product\/yoast-seo-wordpress\/ -->\n<title>El tama\u00f1o de la ventana en el cuarto de ba\u00f1o de la casa: privado y no s\u00f3lo, normas de dimensiones en el cuarto de ba\u00f1o<\/title>\n<meta name=\"description\" content=\"Descubra las dimensiones \u00f3ptimas de las ventanas de ba\u00f1os y dormitorios en casas particulares y apartamentos. Conozca las consideraciones clave para garantizar una ventilaci\u00f3n adecuada, luz natural e intimidad en su proyecto de construcci\u00f3n o reforma.\" \/>\n<meta name=\"robots\" content=\"index, follow, max-snippet:-1, max-image-preview:large, max-video-preview:-1\" \/>\n<link rel=\"canonical\" href=\"https:\/\/stroyarsenal62.com\/es\/what-are-the-dimensions-of-the-window-in-the\/\" \/>\n<meta property=\"og:locale\" content=\"es_ES\" \/>\n<meta property=\"og:type\" content=\"article\" \/>\n<meta property=\"og:title\" content=\"El tama\u00f1o de la ventana en el cuarto de ba\u00f1o de la casa: privado y no s\u00f3lo, normas de dimensiones en el cuarto de ba\u00f1o\" \/>\n<meta property=\"og:description\" content=\"Descubra las dimensiones \u00f3ptimas de las ventanas de ba\u00f1os y dormitorios en casas particulares y apartamentos. Conozca las consideraciones clave para garantizar una ventilaci\u00f3n adecuada, luz natural e intimidad en su proyecto de construcci\u00f3n o reforma.\" \/>\n<meta property=\"og:url\" content=\"https:\/\/stroyarsenal62.com\/es\/what-are-the-dimensions-of-the-window-in-the\/\" \/>\n<meta property=\"og:site_name\" content=\"StroyArsenal62.com\" \/>\n<meta property=\"article:published_time\" content=\"2024-07-22T07:36:50+00:00\" \/>\n<meta name=\"author\" content=\"Mil\u00e1n Yashina\" \/>\n<meta name=\"twitter:card\" content=\"summary_large_image\" \/>\n<meta name=\"twitter:label1\" content=\"Escrito por\" \/>\n\t<meta name=\"twitter:data1\" content=\"Mil\u00e1n Yashina\" \/>\n\t<meta name=\"twitter:label2\" content=\"Tiempo de lectura\" \/>\n\t<meta name=\"twitter:data2\" content=\"9 minutos\" \/>\n<script type=\"application\/ld+json\" class=\"yoast-schema-graph\">{\"@context\":\"https:\\\/\\\/schema.org\",\"@graph\":[{\"@type\":\"Article\",\"@id\":\"https:\\\/\\\/stroyarsenal62.com\\\/es\\\/what-are-the-dimensions-of-the-window-in-the\\\/#article\",\"isPartOf\":{\"@id\":\"https:\\\/\\\/stroyarsenal62.com\\\/es\\\/what-are-the-dimensions-of-the-window-in-the\\\/\"},\"author\":{\"name\":\"Mil\u00e1n Yashina\",\"@id\":\"https:\\\/\\\/stroyarsenal62.com\\\/es\\\/#\\\/schema\\\/person\\\/c2746db8a676057d26bd78a2173f534f\"},\"headline\":\"Cu\u00e1les son las dimensiones de la ventana del cuarto de ba\u00f1o y del aseo de un particular y de un edificio de apartamentos??\",\"datePublished\":\"2024-07-22T07:36:50+00:00\",\"mainEntityOfPage\":{\"@id\":\"https:\\\/\\\/stroyarsenal62.com\\\/es\\\/what-are-the-dimensions-of-the-window-in-the\\\/\"},\"wordCount\":1825,\"commentCount\":0,\"articleSection\":[\"Casa\"],\"inLanguage\":\"es\",\"potentialAction\":[{\"@type\":\"CommentAction\",\"name\":\"Comment\",\"target\":[\"https:\\\/\\\/stroyarsenal62.com\\\/es\\\/what-are-the-dimensions-of-the-window-in-the\\\/#respond\"]}]},{\"@type\":\"WebPage\",\"@id\":\"https:\\\/\\\/stroyarsenal62.com\\\/es\\\/what-are-the-dimensions-of-the-window-in-the\\\/\",\"url\":\"https:\\\/\\\/stroyarsenal62.com\\\/es\\\/what-are-the-dimensions-of-the-window-in-the\\\/\",\"name\":\"El tama\u00f1o de la ventana en el cuarto de ba\u00f1o de la casa: privado y no s\u00f3lo, normas de dimensiones en el cuarto de ba\u00f1o\",\"isPartOf\":{\"@id\":\"https:\\\/\\\/stroyarsenal62.com\\\/es\\\/#website\"},\"datePublished\":\"2024-07-22T07:36:50+00:00\",\"author\":{\"@id\":\"https:\\\/\\\/stroyarsenal62.com\\\/es\\\/#\\\/schema\\\/person\\\/c2746db8a676057d26bd78a2173f534f\"},\"description\":\"Descubra las dimensiones \u00f3ptimas de las ventanas de ba\u00f1os y dormitorios en casas particulares y apartamentos. Conozca las consideraciones clave para garantizar una ventilaci\u00f3n adecuada, luz natural e intimidad en su proyecto de construcci\u00f3n o reforma.\",\"breadcrumb\":{\"@id\":\"https:\\\/\\\/stroyarsenal62.com\\\/es\\\/what-are-the-dimensions-of-the-window-in-the\\\/#breadcrumb\"},\"inLanguage\":\"es\",\"potentialAction\":[{\"@type\":\"ReadAction\",\"target\":[\"https:\\\/\\\/stroyarsenal62.com\\\/es\\\/what-are-the-dimensions-of-the-window-in-the\\\/\"]}]},{\"@type\":\"BreadcrumbList\",\"@id\":\"https:\\\/\\\/stroyarsenal62.com\\\/es\\\/what-are-the-dimensions-of-the-window-in-the\\\/#breadcrumb\",\"itemListElement\":[{\"@type\":\"ListItem\",\"position\":1,\"name\":\"Hogar\",\"item\":\"https:\\\/\\\/stroyarsenal62.com\\\/es\\\/\"},{\"@type\":\"ListItem\",\"position\":2,\"name\":\"Cu\u00e1les son las dimensiones de la ventana del cuarto de ba\u00f1o y del aseo de un particular y de un edificio de apartamentos??\"}]},{\"@type\":\"WebSite\",\"@id\":\"https:\\\/\\\/stroyarsenal62.com\\\/es\\\/#website\",\"url\":\"https:\\\/\\\/stroyarsenal62.com\\\/es\\\/\",\"name\":\"StroyArsenal62.com\",\"description\":\"Todo sobre construcci\u00f3n y renovaci\u00f3n de la A a la Z.\",\"potentialAction\":[{\"@type\":\"SearchAction\",\"target\":{\"@type\":\"EntryPoint\",\"urlTemplate\":\"https:\\\/\\\/stroyarsenal62.com\\\/es\\\/?s={search_term_string}\"},\"query-input\":{\"@type\":\"PropertyValueSpecification\",\"valueRequired\":true,\"valueName\":\"search_term_string\"}}],\"inLanguage\":\"es\"},{\"@type\":\"Person\",\"@id\":\"https:\\\/\\\/stroyarsenal62.com\\\/es\\\/#\\\/schema\\\/person\\\/c2746db8a676057d26bd78a2173f534f\",\"name\":\"Mil\u00e1n Yashina\",\"image\":{\"@type\":\"ImageObject\",\"inLanguage\":\"es\",\"@id\":\"https:\\\/\\\/secure.gravatar.com\\\/avatar\\\/d49e060c8661fd01a3a9b61c161387c349b36075f1969bcd38bfea8d60aa20ef?s=96&d=mm&r=g\",\"url\":\"https:\\\/\\\/secure.gravatar.com\\\/avatar\\\/d49e060c8661fd01a3a9b61c161387c349b36075f1969bcd38bfea8d60aa20ef?s=96&d=mm&r=g\",\"contentUrl\":\"https:\\\/\\\/secure.gravatar.com\\\/avatar\\\/d49e060c8661fd01a3a9b61c161387c349b36075f1969bcd38bfea8d60aa20ef?s=96&d=mm&r=g\",\"caption\":\"Mil\u00e1n Yashina\"},\"description\":\"Ingeniero de dise\u00f1o, especialista en desarrollo de documentaci\u00f3n de dise\u00f1o. Le ayudar\u00e9 a dise\u00f1ar correctamente su casa u otro edificio.\",\"url\":\"https:\\\/\\\/stroyarsenal62.com\\\/es\\\/author\\\/author-publications-es_2\\\/\"}]}<\/script>\n<!-- \/ Yoast SEO plugin. -->","yoast_head_json":{"title":"El tama\u00f1o de la ventana en el cuarto de ba\u00f1o de la casa: privado y no s\u00f3lo, normas de dimensiones en el cuarto de ba\u00f1o","description":"Descubra las dimensiones \u00f3ptimas de las ventanas de ba\u00f1os y dormitorios en casas particulares y apartamentos. Conozca las consideraciones clave para garantizar una ventilaci\u00f3n adecuada, luz natural e intimidad en su proyecto de construcci\u00f3n o reforma.","robots":{"index":"index","follow":"follow","max-snippet":"max-snippet:-1","max-image-preview":"max-image-preview:large","max-video-preview":"max-video-preview:-1"},"canonical":"https:\/\/stroyarsenal62.com\/es\/what-are-the-dimensions-of-the-window-in-the\/","og_locale":"es_ES","og_type":"article","og_title":"El tama\u00f1o de la ventana en el cuarto de ba\u00f1o de la casa: privado y no s\u00f3lo, normas de dimensiones en el cuarto de ba\u00f1o","og_description":"Descubra las dimensiones \u00f3ptimas de las ventanas de ba\u00f1os y dormitorios en casas particulares y apartamentos. Conozca las consideraciones clave para garantizar una ventilaci\u00f3n adecuada, luz natural e intimidad en su proyecto de construcci\u00f3n o reforma.","og_url":"https:\/\/stroyarsenal62.com\/es\/what-are-the-dimensions-of-the-window-in-the\/","og_site_name":"StroyArsenal62.com","article_published_time":"2024-07-22T07:36:50+00:00","author":"Mil\u00e1n Yashina","twitter_card":"summary_large_image","twitter_misc":{"Escrito por":"Mil\u00e1n Yashina","Tiempo de lectura":"9 minutos"},"schema":{"@context":"https:\/\/schema.org","@graph":[{"@type":"Article","@id":"https:\/\/stroyarsenal62.com\/es\/what-are-the-dimensions-of-the-window-in-the\/#article","isPartOf":{"@id":"https:\/\/stroyarsenal62.com\/es\/what-are-the-dimensions-of-the-window-in-the\/"},"author":{"name":"Mil\u00e1n Yashina","@id":"https:\/\/stroyarsenal62.com\/es\/#\/schema\/person\/c2746db8a676057d26bd78a2173f534f"},"headline":"Cu\u00e1les son las dimensiones de la ventana del cuarto de ba\u00f1o y del aseo de un particular y de un edificio de apartamentos??","datePublished":"2024-07-22T07:36:50+00:00","mainEntityOfPage":{"@id":"https:\/\/stroyarsenal62.com\/es\/what-are-the-dimensions-of-the-window-in-the\/"},"wordCount":1825,"commentCount":0,"articleSection":["Casa"],"inLanguage":"es","potentialAction":[{"@type":"CommentAction","name":"Comment","target":["https:\/\/stroyarsenal62.com\/es\/what-are-the-dimensions-of-the-window-in-the\/#respond"]}]},{"@type":"WebPage","@id":"https:\/\/stroyarsenal62.com\/es\/what-are-the-dimensions-of-the-window-in-the\/","url":"https:\/\/stroyarsenal62.com\/es\/what-are-the-dimensions-of-the-window-in-the\/","name":"El tama\u00f1o de la ventana en el cuarto de ba\u00f1o de la casa: privado y no s\u00f3lo, normas de dimensiones en el cuarto de ba\u00f1o","isPartOf":{"@id":"https:\/\/stroyarsenal62.com\/es\/#website"},"datePublished":"2024-07-22T07:36:50+00:00","author":{"@id":"https:\/\/stroyarsenal62.com\/es\/#\/schema\/person\/c2746db8a676057d26bd78a2173f534f"},"description":"Descubra las dimensiones \u00f3ptimas de las ventanas de ba\u00f1os y dormitorios en casas particulares y apartamentos. Conozca las consideraciones clave para garantizar una ventilaci\u00f3n adecuada, luz natural e intimidad en su proyecto de construcci\u00f3n o reforma.","breadcrumb":{"@id":"https:\/\/stroyarsenal62.com\/es\/what-are-the-dimensions-of-the-window-in-the\/#breadcrumb"},"inLanguage":"es","potentialAction":[{"@type":"ReadAction","target":["https:\/\/stroyarsenal62.com\/es\/what-are-the-dimensions-of-the-window-in-the\/"]}]},{"@type":"BreadcrumbList","@id":"https:\/\/stroyarsenal62.com\/es\/what-are-the-dimensions-of-the-window-in-the\/#breadcrumb","itemListElement":[{"@type":"ListItem","position":1,"name":"Hogar","item":"https:\/\/stroyarsenal62.com\/es\/"},{"@type":"ListItem","position":2,"name":"Cu\u00e1les son las dimensiones de la ventana del cuarto de ba\u00f1o y del aseo de un particular y de un edificio de apartamentos??"}]},{"@type":"WebSite","@id":"https:\/\/stroyarsenal62.com\/es\/#website","url":"https:\/\/stroyarsenal62.com\/es\/","name":"StroyArsenal62.com","description":"Todo sobre construcci\u00f3n y renovaci\u00f3n de la A a la Z.","potentialAction":[{"@type":"SearchAction","target":{"@type":"EntryPoint","urlTemplate":"https:\/\/stroyarsenal62.com\/es\/?s={search_term_string}"},"query-input":{"@type":"PropertyValueSpecification","valueRequired":true,"valueName":"search_term_string"}}],"inLanguage":"es"},{"@type":"Person","@id":"https:\/\/stroyarsenal62.com\/es\/#\/schema\/person\/c2746db8a676057d26bd78a2173f534f","name":"Mil\u00e1n Yashina","image":{"@type":"ImageObject","inLanguage":"es","@id":"https:\/\/secure.gravatar.com\/avatar\/d49e060c8661fd01a3a9b61c161387c349b36075f1969bcd38bfea8d60aa20ef?s=96&d=mm&r=g","url":"https:\/\/secure.gravatar.com\/avatar\/d49e060c8661fd01a3a9b61c161387c349b36075f1969bcd38bfea8d60aa20ef?s=96&d=mm&r=g","contentUrl":"https:\/\/secure.gravatar.com\/avatar\/d49e060c8661fd01a3a9b61c161387c349b36075f1969bcd38bfea8d60aa20ef?s=96&d=mm&r=g","caption":"Mil\u00e1n Yashina"},"description":"Ingeniero de dise\u00f1o, especialista en desarrollo de documentaci\u00f3n de dise\u00f1o. Le ayudar\u00e9 a dise\u00f1ar correctamente su casa u otro edificio.","url":"https:\/\/stroyarsenal62.com\/es\/author\/author-publications-es_2\/"}]}},"_links":{"self":[{"href":"https:\/\/stroyarsenal62.com\/es\/wp-json\/wp\/v2\/posts\/7422","targetHints":{"allow":["GET"]}}],"collection":[{"href":"https:\/\/stroyarsenal62.com\/es\/wp-json\/wp\/v2\/posts"}],"about":[{"href":"https:\/\/stroyarsenal62.com\/es\/wp-json\/wp\/v2\/types\/post"}],"author":[{"embeddable":true,"href":"https:\/\/stroyarsenal62.com\/es\/wp-json\/wp\/v2\/users\/67"}],"replies":[{"embeddable":true,"href":"https:\/\/stroyarsenal62.com\/es\/wp-json\/wp\/v2\/comments?post=7422"}],"version-history":[{"count":0,"href":"https:\/\/stroyarsenal62.com\/es\/wp-json\/wp\/v2\/posts\/7422\/revisions"}],"wp:attachment":[{"href":"https:\/\/stroyarsenal62.com\/es\/wp-json\/wp\/v2\/media?parent=7422"}],"wp:term":[{"taxonomy":"category","embeddable":true,"href":"https:\/\/stroyarsenal62.com\/es\/wp-json\/wp\/v2\/categories?post=7422"},{"taxonomy":"post_tag","embeddable":true,"href":"https:\/\/stroyarsenal62.com\/es\/wp-json\/wp\/v2\/tags?post=7422"}],"curies":[{"name":"wp","href":"https:\/\/api.w.org\/{rel}","templated":true}]}}