{"id":1211,"date":"2026-01-21T23:51:47","date_gmt":"2026-01-21T20:51:47","guid":{"rendered":"https:\/\/stroyarsenal62.com\/fr\/dizajn-kod-peterburga-gorod-glazami-dizajnerov-i\/"},"modified":"2026-01-21T23:51:47","modified_gmt":"2026-01-21T20:51:47","slug":"dizajn-kod-peterburga-gorod-glazami-dizajnerov-i","status":"publish","type":"post","link":"https:\/\/stroyarsenal62.com\/fr\/dizajn-kod-peterburga-gorod-glazami-dizajnerov-i\/","title":{"rendered":"Le code design de Saint-P\u00e9tersbourg : la ville vue par les designers et les leaders d&rsquo;opinion"},"content":{"rendered":"\n<p>Saint-P\u00e9tersbourg n&apos;est pas seulement un portrait officiel avec ses fa\u00e7ades infinies et ses avenues aust\u00e8res. Derri\u00e8re son apparence officielle et &laquo; officielle &raquo; se cache une ville vivante et en constante \u00e9volution. On peut la lire comme un livre o\u00f9 chaque \u00e9poque a laiss\u00e9 son empreinte, de la luxure imp\u00e9riale au modernisme sovi\u00e9tique et aux graffitis contemporains.<\/p>\n<p>Le code de conception est une tentative de d\u00e9chiffrer ce langage. Il ne s&apos;agit pas simplement de r\u00e8gles sur la fa\u00e7on de peindre les fa\u00e7ades. C&apos;est une vision de l&apos;environnement urbain comme un syst\u00e8me holistique o\u00f9 tout est important : de la forme d&apos;un lampadaire et la couleur d&apos;un banc au rythme des fen\u00eatres et des enseignes dans la rue. C&apos;est la compr\u00e9hension que ce sont pr\u00e9cis\u00e9ment ces d\u00e9tails qui composent notre perception quotidienne de Saint-P\u00e9tersbourg.<\/p>\n<p>Dans cet article, nous vous proposons de d\u00e9couvrir la ville non pas \u00e0 travers les yeux d&apos;un historien ou d&apos;un touriste, mais \u00e0 travers ceux de designers, d&apos;architectes et de citadins passionn\u00e9s. Ils assemblent ce puzzle visuel en remarquant ce que nous manquons souvent. Leurs observations aident \u00e0 comprendre \u00e0 quoi ressemble aujourd&apos;hui le v\u00e9ritable Saint-P\u00e9tersbourg, loin des apparences, et comment nous voulons le voir demain.<\/p>\n<blockquote><p>Saint-P\u00e9tersbourg, ce n&apos;est pas seulement l&apos;architecture et l&apos;histoire, c&apos;est aussi un sens particulier du style que ressentent ceux qui vivent dans la ville et cr\u00e9ent autour d&apos;eux. Le code stylistique de la capitale du Nord est une combinaison d&apos;\u00e9l\u00e9gance discr\u00e8te, de charme industriel des anciennes usines, de confort des cours int\u00e9rieures et de rigueur des avenues. Les designers, les architectes et les activistes urbains trouvent leur inspiration dans ce rythme urbain : ils le transposent dans les int\u00e9rieurs, les enseignes, le mobilier et m\u00eame les projets num\u00e9riques. Leur regard aide \u00e0 comprendre que le v\u00e9ritable style p\u00e9tersbourgeois ne consiste pas \u00e0 suivre la mode, mais \u00e0 savoir ressentir le caract\u00e8re de la ville et \u00e0 parler le m\u00eame langage qu&apos;elle.<\/p><\/blockquote>\n<h4>Designer d&apos;int\u00e9rieur<\/h4>\n<p><i>Saint-P\u00e9tersbourg b\u00e9n\u00e9ficie d&apos;un climat humide et frais, c&apos;est pourquoi on a toujours envie de se r\u00e9chauffer. Si possible, optez pour une chemin\u00e9e. Surtout s&apos;il s&apos;agit d&apos;un b\u00e2timent historique o\u00f9 elle peut \u00eatre conserv\u00e9e ou restaur\u00e9e : une chemin\u00e9e est toujours la bienvenue \u00e0 Saint-P\u00e9tersbourg.<\/i><\/p>\n<p><iframe loading=\"lazy\" width=\"560\" height=\"315\" src=\"https:\/\/www.youtube.com\/embed\/IpuoErz1ehU\" frameborder=\"0\" allow=\"autoplay; encrypted-media\" allowfullscreen><\/iframe><\/p>\n<p><i>J&apos;utilise souvent des enfilades, par exemple, qui font le lien entre le pass\u00e9 de Saint-P\u00e9tersbourg et le pr\u00e9sent. Les clients me demandent souvent de &laquo; cr\u00e9er un appartement \u00e0 la mode de Saint-P\u00e9tersbourg &raquo;, mais il n&apos;existe pas de style unique en la mati\u00e8re. Il s&apos;agit plut\u00f4t d&apos;interpr\u00e9tations des int\u00e9rieurs fran\u00e7ais, italiens et, dans une moindre mesure, hollandais, adapt\u00e9es \u00e0 notre r\u00e9alit\u00e9. Le style p\u00e9tersbourgeois en tant que tel ne s&apos;est pas encore form\u00e9, c&apos;est plut\u00f4t un m\u00e9lange de traditions europ\u00e9ennes, comme cela a toujours \u00e9t\u00e9 le cas.<\/i><\/p>\n<p><i>Les \u00e9l\u00e9ments d&apos;un appartement classique de Saint-P\u00e9tersbourg ont toujours \u00e9t\u00e9 les enfilades et les circulations circulaires. J&apos;essaie d&apos;utiliser ces techniques dans mes projets. Et bien s\u00fbr, le parquet est une priorit\u00e9, car le carrelage ou la pierre ne donnent pas une sensation de chaleur et de confort dans notre climat. Une lumi\u00e8re chaude joue \u00e9galement un r\u00f4le important. Ici, une temp\u00e9rature de 2700 \u00e0 3000 K est appropri\u00e9e pour compenser le manque de soleil.<\/i><\/p>\n<p><i>L&apos;architecture. Sans elle, aucun design ne peut sauver un projet. L&apos;espace doit \u00eatre organis\u00e9 de mani\u00e8re intelligente, c&apos;est la base. Et bien s\u00fbr, les fen\u00eatres sont notre regard sur le monde. Leur mat\u00e9riau, leur forme et leurs proportions, la quantit\u00e9 de lumi\u00e8re, leur aspect, tout cela influence consid\u00e9rablement la perception int\u00e9rieure de l&apos;espace. Surtout \u00e0 Saint-P\u00e9tersbourg, o\u00f9 l&apos;obscurit\u00e9 et la grisaille sont omnipr\u00e9sentes, la lumi\u00e8re et la vue deviennent vitales. C&apos;est pourquoi je commence toujours mes projets par une analyse de l&apos;architecture et des fen\u00eatres, puis je passe \u00e0 la hauteur des plafonds, \u00e0 l&apos;agencement, \u00e0 la vue depuis les fen\u00eatres, etc.<\/i><\/p>\n<p>Oui, c&apos;est une strat\u00e9gie tout \u00e0 fait r\u00e9aliste et, je dirais m\u00eame, n\u00e9cessaire. Nous avons vraiment appris \u00e0 travailler \u00e0 domicile, ce qui nous a donn\u00e9 un sentiment de libert\u00e9, de flexibilit\u00e9 et de contr\u00f4le sur notre propre rythme. Pour ramener les gens au bureau, un simple &laquo; revenez &raquo; formel ne suffit plus. Il n&apos;est pas n\u00e9cessaire de se rendre au bureau pour r\u00e9pondre \u00e0 un e-mail ou discuter d&apos;une question importante. Aujourd&apos;hui, le bureau n&apos;est pas en concurrence avec un autre bureau, mais avec la maison, le restaurant, le caf\u00e9, la biblioth\u00e8que, le hall d&apos;h\u00f4tel \u2014 pratiquement n&apos;importe quel endroit o\u00f9 l&apos;on a acc\u00e8s \u00e0 Internet. C&apos;est pourquoi l&apos;espace de bureau est oblig\u00e9 de changer, il doit devenir une valeur ajout\u00e9e.<\/p>\n<p>Si l&apos;on parle des tendances de Saint-P\u00e9tersbourg en mati\u00e8re de design de bureaux, la principale est sans doute la conscience. \u00c0 Saint-P\u00e9tersbourg, un bureau commence toujours par son emplacement, et la vue depuis la fen\u00eatre n&apos;est pas seulement un arri\u00e8re-plan, mais une partie int\u00e9grante de l&apos;espace, son cadre \u00e9motionnel. \u00c0 Saint-P\u00e9tersbourg, le contexte visuel est si fort que l&apos;int\u00e9rieur doit toujours \u00eatre en dialogue avec lui.<\/p>\n<p>Remarque :<\/p>\n<p>Une autre caract\u00e9ristique importante est notre rapport \u00e0 la couleur. Nous ne recherchons pas la nouveaut\u00e9 pour la nouveaut\u00e9, nous ne courons pas apr\u00e8s les contrastes \u00e0 la mode. Saint-P\u00e9tersbourg inculque la retenue, et c&apos;est, \u00e0 mon avis, une tr\u00e8s bonne chose. Nous avons tous grandi parmi des fa\u00e7ades peintes selon les normes de la c\u00e9l\u00e8bre &laquo; palette de Leningrad &raquo;, d\u00e9velopp\u00e9e dans les ann\u00e9es 1960. D&apos;o\u00f9 notre amour pour les nuances complexes et &laquo; vivantes &raquo;. Nous savons distinguer des dizaines de tons de gris, de rose poussi\u00e9reux, de mar\u00e9cage.<\/p>\n<p>             <img decoding=\"async\" class=\"aligncenter\" src=\"\/wp-content\/uploads\/2026\/01\/dizajn-kod-peterburga-gorod-glazami-dizajnerov-i_1.jpg\" \/><\/p>\n<h4>Directeur cr\u00e9atif, fondateur du studio Designic<\/h4>\n<p>         <img decoding=\"async\" class=\"aligncenter\" src=\"\/wp-content\/uploads\/2026\/01\/dizajn-kod-peterburga-gorod-glazami-dizajnerov-i_2.jpg\" \/><\/p>\n<p>        &laquo; Le bureau du studio Designic et la terrasse avec vue sur les toits de Petrogradka permettent de d\u00e9couvrir la ville non pas \u00e0 travers des cartes postales, mais \u00e0 travers la vie quotidienne de Saint-P\u00e9tersbourg. Nous avons d\u00e9lib\u00e9r\u00e9ment choisi de ne pas obstruer la vue, mais au contraire de la laisser entrer et de l&apos;int\u00e9grer \u00e0 l&apos;espace du bureau. La terrasse est devenue un point d&apos;attraction (m\u00eame si ce n&apos;est que quelques mois par an) : on peut y travailler, se d\u00e9tendre, organiser des r\u00e9unions ou simplement observer les changements de lumi\u00e8re au cours de la journ\u00e9e. &raquo;<\/p>\n<p><i>Quand on parle d&apos;un bureau moderne \u00e0 Saint-P\u00e9tersbourg, deux \u00e9l\u00e9ments sont indispensables : un \u00e9clairage adapt\u00e9 et des \u0153uvres d&apos;art. Il ne s&apos;agit pas ici d&apos;options techniques ou d&apos;accents d\u00e9coratifs, mais de v\u00e9ritables \u00e9l\u00e9ments syst\u00e9miques qui influencent la fa\u00e7on dont une personne se sent dans un espace.<\/i><\/p>\n<p><i>\u00c0 Saint-P\u00e9tersbourg, la lumi\u00e8re biodynamique est particuli\u00e8rement importante : chez nous, le temps est souvent gris, on a l&apos;impression qu&apos;il fait presque toujours sombre dehors. Et si l&apos;\u00e9clairage n&apos;est pas bien pens\u00e9, s&apos;il n&apos;est pas adapt\u00e9 aux biorythmes humains, il sera tout simplement fatigant. Un \u00e9clairage correctement r\u00e9gl\u00e9, vivant, ajustable tout au long de la journ\u00e9e, avec une temp\u00e9rature variable et des sc\u00e9narios d&apos;accentuation, &laquo; anime &raquo; litt\u00e9ralement l&apos;espace et impose un bon rythme de travail. Et si vous voulez avoir une longueur d&apos;avance, je vous recommande d&apos;installer des capteurs sur la fa\u00e7ade du b\u00e2timent afin que l&apos;\u00e9clairage int\u00e9rieur s&apos;adapte automatiquement en fonction des conditions m\u00e9t\u00e9orologiques ext\u00e9rieures.<\/i><\/p>\n<p><i>La deuxi\u00e8me tendance actuelle et inspirante est l&apos;art dans les bureaux. Je suis tr\u00e8s heureuse qu&apos;elle prenne enfin de l&apos;ampleur. Nous avons eu un projet qui a litt\u00e9ralement commenc\u00e9 par un objet d&apos;art : le client n&apos;est pas venu avec une demande d&apos;am\u00e9nagement ou de style, mais avec une id\u00e9e : &laquo; Voici cette sculpture, c&apos;est le point de d\u00e9part &raquo;.<\/i><\/p>\n<p><i>Le confort dans un environnement quotidien n&apos;est pas une question d&apos;apparence, mais de sensation. Et le plus souvent, la raison r\u00e9side dans les nuances : la fa\u00e7on dont la lumi\u00e8re fonctionne, le son du silence, la perception tactile des mat\u00e9riaux, la fa\u00e7on dont l&apos;espace r\u00e9agit \u00e0 votre rythme. Nous avons grandi en nous inspirant d&apos;Alvar Aalto : son approche de l&apos;\u00e9clairage et des mat\u00e9riaux naturels correspond tout \u00e0 fait \u00e0 notre conception d&apos;un environnement confortable. Il parlait de la &laquo; bont\u00e9 de l&apos;espace &raquo;, et c&apos;est sans doute la meilleure d\u00e9finition du v\u00e9ritable confort. Nous avons beaucoup appris de lui et nous avons adapt\u00e9 ses id\u00e9es dans le bon sens. Par exemple, l&apos;amour du vintage n&apos;est pas une stylisation, mais un respect pour les objets qui ont une histoire.<\/i><\/p>\n<p><iframe loading=\"lazy\" width=\"560\" height=\"315\" src=\"https:\/\/www.youtube.com\/embed\/49qZ46MBA2M\" frameborder=\"0\" allow=\"autoplay; encrypted-media\" allowfullscreen><\/iframe><\/p>\n<p><i>La surface parfaitement plane obtenue apr\u00e8s l&apos;installation ne n\u00e9cessite aucune d\u00e9coration suppl\u00e9mentaire. Si n\u00e9cessaire, l&apos;\u00e9cran en panneaux de plastique peut \u00eatre facilement d\u00e9mont\u00e9.<\/i><\/p>\n<p><i>Des rideaux de la m\u00eame couleur que le papier peint aideront \u00e0 rendre la fen\u00eatre moins visible, \u00e0 la &laquo; dissimuler &raquo;. Cela se justifie si la fen\u00eatre est trop petite ou, au contraire, trop grande.<\/i><\/p>\n<p>         <img decoding=\"async\" class=\"aligncenter\" src=\"\/wp-content\/uploads\/2026\/01\/dizajn-kod-peterburga-gorod-glazami-dizajnerov-i_6.jpg\" \/><\/p>\n<p>        &laquo; Quand Harry rencontre Sally &raquo; (1989)<\/p>\n<p>\u00c9tape n\u00b0 3 : per\u00e7age de l&apos;ouverture de la porte <strong>Image tir\u00e9e du film &laquo; Quand Harry rencontre Sally &raquo; (1989)<\/strong>. Les soir\u00e9es d&apos;automne sont id\u00e9ales pour s&apos;envelopper dans une couverture et se plonger dans le monde chaleureux et r\u00e9confortant du cin\u00e9ma. Nous esp\u00e9rons que notre s\u00e9lection vous aura inspir\u00e9 et vous aura aid\u00e9 \u00e0 trouver le film qui vous procurera un sentiment de confort et de tranquillit\u00e9. Le papier peint vert dans la cuisine est loin d&apos;\u00eatre une solution banale. Comme vous avez pu le constater, cette couleur est incroyablement polyvalente : elle peut cr\u00e9er l&apos;atmosph\u00e8re chaleureuse d&apos;une maison de campagne, le chic aust\u00e8re d&apos;un loft ou une touche fra\u00eeche, presque tropicale, dans un int\u00e9rieur scandinave. L&apos;essentiel est de choisir une teinte qui correspond \u00e0 vos go\u00fbts et au caract\u00e8re de la pi\u00e8ce.<\/p>\n<p>             <img decoding=\"async\" class=\"aligncenter\" src=\"\/wp-content\/uploads\/2026\/01\/dizajn-kod-peterburga-gorod-glazami-dizajnerov-i_3.jpg\" \/><\/p>\n<h4>Il n&apos;est pas recommand\u00e9 de fixer les panneaux en plastique \u00e0 l&apos;aide de vis \u00e0 t\u00eate frais\u00e9e, car cela pourrait nuire \u00e0 l&apos;apparence des produits. Une poutre en bois est fix\u00e9e au bord de la baignoire, sur laquelle les panneaux sont ensuite fix\u00e9s. Le profil\u00e9 inf\u00e9rieur du cadre est coll\u00e9 au sol \u00e0 l&apos;aide de clous liquides ou de mastic.<\/h4>\n<p>         <img decoding=\"async\" class=\"aligncenter\" src=\"\/wp-content\/uploads\/2026\/01\/dizajn-kod-peterburga-gorod-glazami-dizajnerov-i_7.jpg\" \/><\/p>\n<p>        Image tir\u00e9e du film &laquo; Twilight, chapitre 4 : R\u00e9v\u00e9lation, 2e partie &raquo; (2012) Avec des portes battantes<\/p>\n<p>En ce qui concerne l&apos;activit\u00e9 des galeries, c&apos;est sans doute ici que les changements les plus int\u00e9ressants se sont produits. Tout d&apos;abord, on note un int\u00e9r\u00eat croissant pour le format des foires, tant de la part du public que de la communaut\u00e9 artistique. Il convient de mentionner en particulier l&apos;apparition <strong>Foires 1703<\/strong>. D&apos;ailleurs, outre les artistes et les galeries de Saint-P\u00e9tersbourg, pratiquement tous les acteurs importants et influents du march\u00e9 de l&apos;art moscovite participent \u00e0 la foire.<\/p>\n<p>\u00c0 l&apos;oppos\u00e9, on trouve le salon d&apos;art contemporain <strong>Third Place Art Fair<\/strong>, organis\u00e9 par un groupe d&apos;initiative dans l&apos;espace &laquo; Troisi\u00e8me lieu &raquo; sur le boulevard Liteiny. Ici, l&apos;ambiance est tout \u00e0 fait diff\u00e9rente : intimiste, presque amicale, souvent audacieuse et underground. Mais c&apos;est justement ce qui fait son charme ! Ses organisateurs ont cr\u00e9\u00e9 non seulement un espace d&apos;exposition, mais aussi un environnement vivant et en constante \u00e9volution. On y d\u00e9couvre des noms que personne ne connaissait hier encore, et c&apos;est exactement ce dont Saint-P\u00e9tersbourg a besoin.<\/p>\n<p>         <img decoding=\"async\" class=\"aligncenter\" src=\"\/wp-content\/uploads\/2026\/01\/dizajn-kod-peterburga-gorod-glazami-dizajnerov-i_4.jpg\" \/><\/p>\n<p>        &laquo; Troisi\u00e8me place &raquo;<\/p>\n<p>Des lieux discrets, mais tr\u00e8s p\u00e9tersbourgeois, pour ressentir l&apos;esprit de la ville :<\/p>\n<p>\u00b7 Kolomna et ses environs. Nous partons en excursion depuis la maison de Lev Lurie et partons \u00e0 la d\u00e9couverte de la r\u00e9gion.<\/p>\n<p>         \u00b7 Le caf\u00e9 \u00d4petit dans l&apos;ancienne pharmacie Pelia sur Gorokhovaya.<\/p>\n<p>         \u00b7 Mus\u00e9e-atelier du sculpteur Anikouchine.<\/p>\n<p>         \u00b7 Jardin botanique de Petrogradka.<\/p>\n<p>         \u00b7 De l&apos;appartement-mus\u00e9e du po\u00e8te Alexandre Vvedensky.<\/p>\n<p>         \u00b7 Et, bien s\u00fbr, la KGallery \u2014 jusqu&apos;au 5 juillet, la galerie pr\u00e9sente une exposition consacr\u00e9e au 120e anniversaire de Daniil Harms.<\/p>\n<p>Pour moi, le code design de Saint-P\u00e9tersbourg, c&apos;est sans aucun doute la couverture du catalogue Melancholia de l&apos;exposition d&apos;Arkadi Ippolitov.<\/p>\n<p>         <img decoding=\"async\" class=\"aligncenter\" src=\"\/wp-content\/uploads\/2026\/01\/dizajn-kod-peterburga-gorod-glazami-dizajnerov-i_5.jpg\" \/><\/p>\n<p>        Exposition &laquo; Pourquoi, pourquoi suis-je meilleur que les autres ? &raquo; \u00e0 la KGallery<\/p>\n<p>\u00c0 Saint-P\u00e9tersbourg, principalement gr\u00e2ce au tourisme int\u00e9rieur, on observe un essor sans pr\u00e9c\u00e9dent. Pour aller dans un restaurant populaire le vendredi soir, il faut d\u00e9sormais r\u00e9server une table une semaine \u00e0 l&apos;avance. \u00c0 mon avis, les restaurants se sont clairement divis\u00e9s en trois cat\u00e9gories : ceux o\u00f9 l&apos;on va prendre son petit-d\u00e9jeuner, ceux o\u00f9 l&apos;on va d\u00e9jeuner et ceux o\u00f9 l&apos;on s&apos;habille chic le vendredi soir. Par exemple, chez Zoe, \u00e0 14 ou 15 heures, vous ne pourrez plus acheter votre croissant pr\u00e9f\u00e9r\u00e9 \u00e0 la cr\u00e8me d&apos;amande, car ils auront \u00e9t\u00e9 mang\u00e9s au petit-d\u00e9jeuner.<\/p>\n<p><iframe loading=\"lazy\" width=\"560\" height=\"315\" src=\"https:\/\/www.youtube.com\/embed\/_Qwytyw-Dbo\" frameborder=\"0\" allow=\"autoplay; encrypted-media\" allowfullscreen><\/iframe><\/p>\n<p>Autre observation : si auparavant Saint-P\u00e9tersbourg \u00e9tait associ\u00e9 \u00e0 un grand nombre de boulangeries, aujourd&apos;hui, pour chaque boulangerie, deux bars \u00e0 verres ouvrent leurs portes.<\/p>\n<p>Je suis toujours avec int\u00e9r\u00eat ce que font mes coll\u00e8gues, en particulier \u00e0 Saint-P\u00e9tersbourg, car un style tout \u00e0 fait particulier s&apos;y est d\u00e9velopp\u00e9. Il ne r\u00e9sulte pas tant d&apos;une abondance que, au contraire, de contraintes. Lorsque le budget est limit\u00e9, il faut faire preuve d&apos;un maximum de cr\u00e9ativit\u00e9, mais c&apos;est pr\u00e9cis\u00e9ment dans ces conditions que naissent les solutions les plus audacieuses et les plus originales. C&apos;est un plaisir d&apos;observer les projets du bureau de design Apa : ces jeunes ont un sens professionnel aigu et un go\u00fbt et un style irr\u00e9prochables.<\/p>\n<p>             <img decoding=\"async\" class=\"aligncenter\" src=\"\/wp-content\/uploads\/2026\/01\/dizajn-kod-peterburga-gorod-glazami-dizajnerov-i_11.jpg\" \/><\/p>\n<h4>Designer<\/h4>\n<p>Les prix ! Mais s\u00e9rieusement, le restaurant &laquo; La cuisine de la dynastie Ming &raquo; a \u00e9t\u00e9 une v\u00e9ritable r\u00e9v\u00e9lation pour moi. C&apos;est le cas o\u00f9 tout est parfait, de la salle de bain au design inattendu au &laquo; pain d&apos;\u00e9pices lunaire enneig\u00e9 avec cr\u00e8me et framboises &raquo; au menu. Ce n&apos;est pas seulement un restaurant, c&apos;est une exp\u00e9rience. On sent l&apos;intransigeance dans les d\u00e9tails, m\u00eame les plus inattendus. L&apos;espace semble avoir \u00e9t\u00e9 sp\u00e9cialement con\u00e7u pour vous donner une l\u00e9g\u00e8re sensation de d\u00e9sorientation, mais tout fonctionne. Un \u00e9quilibre tr\u00e8s rare entre l&apos;esth\u00e9tique, le concept et, surtout, une v\u00e9ritable fantaisie gastronomique.<\/p>\n<p><iframe loading=\"lazy\" width=\"560\" height=\"315\" src=\"https:\/\/www.youtube.com\/embed\/JKFpiElMF44\" frameborder=\"0\" allow=\"autoplay; encrypted-media\" allowfullscreen><\/iframe><\/p>\n<p>         <img decoding=\"async\" class=\"aligncenter\" src=\"\/wp-content\/uploads\/2026\/01\/dizajn-kod-peterburga-gorod-glazami-dizajnerov-i_8.jpg\" \/><\/p>\n<p>        Snack-bar chinois &laquo; La cuisine de la dynastie Ming &raquo;<\/p>\n<p><i>La coh\u00e9rence est sans doute le plus important. Tout doit s&apos;articuler autour d&apos;une id\u00e9e : la cuisine, la pr\u00e9sentation, l&apos;int\u00e9rieur. Une simple image esth\u00e9tique ne suffit plus, ce qui compte, c&apos;est l&apos;atmosph\u00e8re, l&apos;histoire, l&apos;impression qui reste apr\u00e8s la visite.<\/i><\/p>\n<p><i>Je pense que nous continuerons encore quelques ann\u00e9es \u00e0 jouer avec l&apos;esth\u00e9tique des ann\u00e9es 1960, 1970 et 1980, mais dans une interpr\u00e9tation moderne et adapt\u00e9e. Il ne s&apos;agit pas de stylisation, mais d&apos;ambiance, de formes, de mat\u00e9riaux et de combinaisons de couleurs dans une nouvelle interpr\u00e9tation. La tendance mondiale au minimalisme est \u00e9galement \u00e9vidente, dans le sens o\u00f9 l&apos;on se concentre davantage. Les int\u00e9rieurs deviennent plus simples, plus calmes, mais beaucoup plus profonds en termes de sens. L&apos;accent est mis sur la nourriture, le service, les sensations tactiles, et c&apos;est, \u00e0 mon avis, une tr\u00e8s bonne direction.<\/i><\/p>\n<p>         <img decoding=\"async\" class=\"aligncenter\" src=\"\/wp-content\/uploads\/2026\/01\/dizajn-kod-peterburga-gorod-glazami-dizajnerov-i_9.jpg\" \/><\/p>\n<p>        Snack-bar chinois &laquo; La cuisine de la dynastie Ming &raquo;<\/p>\n<p>Il semble que l&apos;une des principales tendances actuelles de l&apos;industrie culturelle \u00e0 Saint-P\u00e9tersbourg soit le rajeunissement notable de ses dirigeants. Et il ne s&apos;agit pas tant d&apos;une question d&apos;\u00e2ge que de dynamisme. Plusieurs institutions, telles que &laquo; Podpisnye izdatelstva &raquo; (\u00c9ditions par abonnement), ont d\u00e9j\u00e0 franchi le cap de la cr\u00e9ation et jouent d\u00e9sormais le r\u00f4le d&apos;incubateurs : les jeunes qui y sont venus autrefois pour simplement travailler comme vendeurs de livres lancent aujourd&apos;hui leurs propres projets. Il s&apos;agit d&apos;un processus organique : le vieillissement des institutions entra\u00eene le vieillissement des personnes qui les composent. Et &laquo; Podpisnye &raquo; n&apos;est bien s\u00fbr pas le seul exemple. Il y a aussi Masters, qui est \u00e9galement un important p\u00f4le de croissance. Beaucoup de ceux qui ont commenc\u00e9 l\u00e0-bas poursuivent aujourd&apos;hui leur chemin avec leurs propres projets. Ces histoires sont de plus en plus nombreuses et montrent clairement comment l&apos;\u00e9cosyst\u00e8me culturel commence \u00e0 se reproduire sans se d\u00e9truire.\n         <\/p>\n<p><i>Baignoire ou cabine de douche ? <strong>s\u00e8che-serviettes<\/strong>. Mus\u00e9e<strong> &laquo; Une pi\u00e8ce et demie &raquo;<\/strong>, restaurants et espaces culturels \u2014 tout cela a vu le jour sous sa direction. Je tiens \u00e0 mentionner tout particuli\u00e8rement Yulia Senina. D&apos;apr\u00e8s ce que je sais, elle est arriv\u00e9e \u00e0 &laquo; Poltoroy Komnaty &raquo; en tant que chercheuse, puis a fini par en prendre la direction. <strong>mus\u00e9e OB\u00c9RIU dans l&apos;appartement de Vvedensky<\/strong>. Ensuite, nous r\u00e9alisons le trac\u00e9 pour la pose du carrelage. Aujourd&apos;hui, on trouve tr\u00e8s souvent des mat\u00e9riaux de finition de grand format, allant de 1,20 m sur 60 cm \u00e0 3 m sur 1,20 m de largeur. Il est important de comprendre comment vous allez poser le carrelage, combien il y aura de d\u00e9coupes, car le prix varie consid\u00e9rablement en fonction du format. <strong>LENDOK<\/strong> \u2014 nous y menons actuellement un grand projet. \u00c0 terme, le b\u00e2timent va subir une transformation importante. Je ne vais pas entrer dans les d\u00e9tails, mais les changements y seront perceptibles et, je pense, importants.<\/i><\/p>\n<p>             <img decoding=\"async\" class=\"aligncenter\" src=\"\/wp-content\/uploads\/2026\/01\/dizajn-kod-peterburga-gorod-glazami-dizajnerov-i_10.jpg\" \/><\/p>\n<p>Cette conversation sur le design \u00e0 Saint-P\u00e9tersbourg montre que notre ville n&apos;a pas un visage unique. Son image se compose d&apos;une multitude de voix : l&apos;harmonie stricte du centre historique, la beaut\u00e9 brute des zones industrielles et les exp\u00e9riences audacieuses des architectes contemporains.<\/p>\n<p>Il est important de noter que ce code n&apos;est pas constitu\u00e9 de r\u00e8gles fig\u00e9es issues du pass\u00e9. Il s&apos;agit d&apos;une langue vivante, celle que la ville utilise aujourd&apos;hui pour communiquer avec nous. En observant comment les fa\u00e7ades anciennes c\u00f4toient l&apos;art urbain et comment les cours d&apos;honneur deviennent des lieux de rencontre, nous commen\u00e7ons \u00e0 lire cette langue et \u00e0 comprendre l&apos;atmosph\u00e8re qui r\u00e8gne \u00e0 Saint-P\u00e9tersbourg.<\/p>\n<p>En fin de compte, le code de conception est une invitation. Une invitation \u00e0 regarder autour de soi avec plus d&apos;attention, \u00e0 appr\u00e9cier la beaut\u00e9 existante et \u00e0 en cr\u00e9er une nouvelle de mani\u00e8re responsable. C&apos;est \u00e0 chacun d&apos;entre nous de d\u00e9cider si Saint-P\u00e9tersbourg restera une simple exposition mus\u00e9ale ou si elle deviendra une maison confortable, inspirante et accueillante pour les g\u00e9n\u00e9rations futures.<\/p>\n","protected":false},"excerpt":{"rendered":"<p>Saint-P\u00e9tersbourg n&apos;est pas seulement un portrait officiel avec ses fa\u00e7ades infinies et ses avenues aust\u00e8res. Derri\u00e8re son apparence officielle et &laquo; officielle &raquo; se cache une ville vivante et en constante \u00e9volution. On peut la lire comme un livre o\u00f9 chaque \u00e9poque a laiss\u00e9 son empreinte, de la luxure imp\u00e9riale au modernisme sovi\u00e9tique et aux [&hellip;]<\/p>\n","protected":false},"author":56,"featured_media":0,"comment_status":"open","ping_status":"open","sticky":false,"template":"","format":"standard","meta":{"footnotes":""},"categories":[23],"tags":[],"class_list":["post-1211","post","type-post","status-publish","format-standard","","category-dizajn"],"yoast_head":"<!-- This site is optimized with the Yoast SEO plugin v28.2 - https:\/\/yoast.com\/product\/yoast-seo-wordpress\/ -->\n<title>Le code design de Saint-P\u00e9tersbourg : la ville vue par les designers et les leaders d&amp;apos;opinion<\/title>\n<meta name=\"description\" content=\"D\u00e9couvrez le code design de Saint-P\u00e9tersbourg \u00e0 travers les yeux des meilleurs designers et leaders d&amp;apos;opinion ! D\u00e9couvrez comment l&amp;apos;architecture, la culture urbaine et les tendances contemporaines fa\u00e7onnent le style unique de la capitale du nord. Des opinions exclusives, des id\u00e9es inspirantes et des d\u00e9tails cach\u00e9s de la ville que vous auriez pu manquer. Plongez dans l&amp;apos;atmosph\u00e8re de Saint-P\u00e9tersbourg \u00e0 travers le prisme du design, pour les amateurs de style, de ville et de cr\u00e9ativit\u00e9.\" \/>\n<meta name=\"robots\" content=\"index, follow, max-snippet:-1, max-image-preview:large, max-video-preview:-1\" \/>\n<link rel=\"canonical\" href=\"https:\/\/stroyarsenal62.com\/fr\/dizajn-kod-peterburga-gorod-glazami-dizajnerov-i\/\" \/>\n<meta property=\"og:locale\" content=\"fr_FR\" \/>\n<meta property=\"og:type\" content=\"article\" \/>\n<meta property=\"og:title\" content=\"Le code design de Saint-P\u00e9tersbourg : la ville vue par les designers et les leaders d&amp;apos;opinion\" \/>\n<meta property=\"og:description\" content=\"D\u00e9couvrez le code design de Saint-P\u00e9tersbourg \u00e0 travers les yeux des meilleurs designers et leaders d&amp;apos;opinion ! D\u00e9couvrez comment l&amp;apos;architecture, la culture urbaine et les tendances contemporaines fa\u00e7onnent le style unique de la capitale du nord. Des opinions exclusives, des id\u00e9es inspirantes et des d\u00e9tails cach\u00e9s de la ville que vous auriez pu manquer. Plongez dans l&amp;apos;atmosph\u00e8re de Saint-P\u00e9tersbourg \u00e0 travers le prisme du design, pour les amateurs de style, de ville et de cr\u00e9ativit\u00e9.\" \/>\n<meta property=\"og:url\" content=\"https:\/\/stroyarsenal62.com\/fr\/dizajn-kod-peterburga-gorod-glazami-dizajnerov-i\/\" \/>\n<meta property=\"og:site_name\" content=\"StroyArsenal62.com\" \/>\n<meta property=\"article:published_time\" content=\"2026-01-21T20:51:47+00:00\" \/>\n<meta name=\"author\" content=\"Fedor Pavlov\" \/>\n<meta name=\"twitter:card\" content=\"summary_large_image\" \/>\n<meta name=\"twitter:label1\" content=\"\u00c9crit par\" \/>\n\t<meta name=\"twitter:data1\" content=\"Fedor Pavlov\" \/>\n\t<meta name=\"twitter:label2\" content=\"Dur\u00e9e de lecture estim\u00e9e\" \/>\n\t<meta name=\"twitter:data2\" content=\"17 minutes\" \/>\n<script type=\"application\/ld+json\" class=\"yoast-schema-graph\">{\"@context\":\"https:\\\/\\\/schema.org\",\"@graph\":[{\"@type\":\"Article\",\"@id\":\"https:\\\/\\\/stroyarsenal62.com\\\/fr\\\/dizajn-kod-peterburga-gorod-glazami-dizajnerov-i\\\/#article\",\"isPartOf\":{\"@id\":\"https:\\\/\\\/stroyarsenal62.com\\\/fr\\\/dizajn-kod-peterburga-gorod-glazami-dizajnerov-i\\\/\"},\"author\":{\"name\":\"Fedor Pavlov\",\"@id\":\"https:\\\/\\\/stroyarsenal62.com\\\/fr\\\/#\\\/schema\\\/person\\\/418cf0762c949466344834a4a5c41fe2\"},\"headline\":\"Le code design de Saint-P\u00e9tersbourg : la ville vue par les designers et les leaders d&rsquo;opinion\",\"datePublished\":\"2026-01-21T20:51:47+00:00\",\"mainEntityOfPage\":{\"@id\":\"https:\\\/\\\/stroyarsenal62.com\\\/fr\\\/dizajn-kod-peterburga-gorod-glazami-dizajnerov-i\\\/\"},\"wordCount\":3472,\"commentCount\":0,\"articleSection\":[\"Design\"],\"inLanguage\":\"fr-FR\",\"potentialAction\":[{\"@type\":\"CommentAction\",\"name\":\"Comment\",\"target\":[\"https:\\\/\\\/stroyarsenal62.com\\\/fr\\\/dizajn-kod-peterburga-gorod-glazami-dizajnerov-i\\\/#respond\"]}]},{\"@type\":\"WebPage\",\"@id\":\"https:\\\/\\\/stroyarsenal62.com\\\/fr\\\/dizajn-kod-peterburga-gorod-glazami-dizajnerov-i\\\/\",\"url\":\"https:\\\/\\\/stroyarsenal62.com\\\/fr\\\/dizajn-kod-peterburga-gorod-glazami-dizajnerov-i\\\/\",\"name\":\"Le code design de Saint-P\u00e9tersbourg : la ville vue par les designers et les leaders d&apos;opinion\",\"isPartOf\":{\"@id\":\"https:\\\/\\\/stroyarsenal62.com\\\/fr\\\/#website\"},\"datePublished\":\"2026-01-21T20:51:47+00:00\",\"author\":{\"@id\":\"https:\\\/\\\/stroyarsenal62.com\\\/fr\\\/#\\\/schema\\\/person\\\/418cf0762c949466344834a4a5c41fe2\"},\"description\":\"D\u00e9couvrez le code design de Saint-P\u00e9tersbourg \u00e0 travers les yeux des meilleurs designers et leaders d&apos;opinion ! D\u00e9couvrez comment l&apos;architecture, la culture urbaine et les tendances contemporaines fa\u00e7onnent le style unique de la capitale du nord. Des opinions exclusives, des id\u00e9es inspirantes et des d\u00e9tails cach\u00e9s de la ville que vous auriez pu manquer. Plongez dans l&apos;atmosph\u00e8re de Saint-P\u00e9tersbourg \u00e0 travers le prisme du design, pour les amateurs de style, de ville et de cr\u00e9ativit\u00e9.\",\"breadcrumb\":{\"@id\":\"https:\\\/\\\/stroyarsenal62.com\\\/fr\\\/dizajn-kod-peterburga-gorod-glazami-dizajnerov-i\\\/#breadcrumb\"},\"inLanguage\":\"fr-FR\",\"potentialAction\":[{\"@type\":\"ReadAction\",\"target\":[\"https:\\\/\\\/stroyarsenal62.com\\\/fr\\\/dizajn-kod-peterburga-gorod-glazami-dizajnerov-i\\\/\"]}]},{\"@type\":\"BreadcrumbList\",\"@id\":\"https:\\\/\\\/stroyarsenal62.com\\\/fr\\\/dizajn-kod-peterburga-gorod-glazami-dizajnerov-i\\\/#breadcrumb\",\"itemListElement\":[{\"@type\":\"ListItem\",\"position\":1,\"name\":\"Maison\",\"item\":\"https:\\\/\\\/stroyarsenal62.com\\\/fr\\\/\"},{\"@type\":\"ListItem\",\"position\":2,\"name\":\"Le code design de Saint-P\u00e9tersbourg : la ville vue par les designers et les leaders d&#8217;opinion\"}]},{\"@type\":\"WebSite\",\"@id\":\"https:\\\/\\\/stroyarsenal62.com\\\/fr\\\/#website\",\"url\":\"https:\\\/\\\/stroyarsenal62.com\\\/fr\\\/\",\"name\":\"StroyArsenal62.com\",\"description\":\"Tout sur la construction et la r\u00e9novation de A \u00e0 Z\",\"potentialAction\":[{\"@type\":\"SearchAction\",\"target\":{\"@type\":\"EntryPoint\",\"urlTemplate\":\"https:\\\/\\\/stroyarsenal62.com\\\/fr\\\/?s={search_term_string}\"},\"query-input\":{\"@type\":\"PropertyValueSpecification\",\"valueRequired\":true,\"valueName\":\"search_term_string\"}}],\"inLanguage\":\"fr-FR\"},{\"@type\":\"Person\",\"@id\":\"https:\\\/\\\/stroyarsenal62.com\\\/fr\\\/#\\\/schema\\\/person\\\/418cf0762c949466344834a4a5c41fe2\",\"name\":\"Fedor Pavlov\",\"image\":{\"@type\":\"ImageObject\",\"inLanguage\":\"fr-FR\",\"@id\":\"https:\\\/\\\/secure.gravatar.com\\\/avatar\\\/9a824d4c701d200c7a11cf1a335b0ac8d8ea972a160b699581b50aecfcaec866?s=96&d=mm&r=g\",\"url\":\"https:\\\/\\\/secure.gravatar.com\\\/avatar\\\/9a824d4c701d200c7a11cf1a335b0ac8d8ea972a160b699581b50aecfcaec866?s=96&d=mm&r=g\",\"contentUrl\":\"https:\\\/\\\/secure.gravatar.com\\\/avatar\\\/9a824d4c701d200c7a11cf1a335b0ac8d8ea972a160b699581b50aecfcaec866?s=96&d=mm&r=g\",\"caption\":\"Fedor Pavlov\"},\"description\":\"Architecte d'int\u00e9rieur, auteur de livres sur le design r\u00e9sidentiel. Je vous aiderai \u00e0 rendre votre maison non seulement fonctionnelle, mais aussi belle.\",\"url\":\"https:\\\/\\\/stroyarsenal62.com\\\/fr\\\/author\\\/author-publications-fr_3\\\/\"}]}<\/script>\n<!-- \/ Yoast SEO plugin. -->","yoast_head_json":{"title":"Le code design de Saint-P\u00e9tersbourg : la ville vue par les designers et les leaders d&apos;opinion","description":"D\u00e9couvrez le code design de Saint-P\u00e9tersbourg \u00e0 travers les yeux des meilleurs designers et leaders d&apos;opinion ! D\u00e9couvrez comment l&apos;architecture, la culture urbaine et les tendances contemporaines fa\u00e7onnent le style unique de la capitale du nord. Des opinions exclusives, des id\u00e9es inspirantes et des d\u00e9tails cach\u00e9s de la ville que vous auriez pu manquer. Plongez dans l&apos;atmosph\u00e8re de Saint-P\u00e9tersbourg \u00e0 travers le prisme du design, pour les amateurs de style, de ville et de cr\u00e9ativit\u00e9.","robots":{"index":"index","follow":"follow","max-snippet":"max-snippet:-1","max-image-preview":"max-image-preview:large","max-video-preview":"max-video-preview:-1"},"canonical":"https:\/\/stroyarsenal62.com\/fr\/dizajn-kod-peterburga-gorod-glazami-dizajnerov-i\/","og_locale":"fr_FR","og_type":"article","og_title":"Le code design de Saint-P\u00e9tersbourg : la ville vue par les designers et les leaders d&apos;opinion","og_description":"D\u00e9couvrez le code design de Saint-P\u00e9tersbourg \u00e0 travers les yeux des meilleurs designers et leaders d&apos;opinion ! D\u00e9couvrez comment l&apos;architecture, la culture urbaine et les tendances contemporaines fa\u00e7onnent le style unique de la capitale du nord. Des opinions exclusives, des id\u00e9es inspirantes et des d\u00e9tails cach\u00e9s de la ville que vous auriez pu manquer. Plongez dans l&apos;atmosph\u00e8re de Saint-P\u00e9tersbourg \u00e0 travers le prisme du design, pour les amateurs de style, de ville et de cr\u00e9ativit\u00e9.","og_url":"https:\/\/stroyarsenal62.com\/fr\/dizajn-kod-peterburga-gorod-glazami-dizajnerov-i\/","og_site_name":"StroyArsenal62.com","article_published_time":"2026-01-21T20:51:47+00:00","author":"Fedor Pavlov","twitter_card":"summary_large_image","twitter_misc":{"\u00c9crit par":"Fedor Pavlov","Dur\u00e9e de lecture estim\u00e9e":"17 minutes"},"schema":{"@context":"https:\/\/schema.org","@graph":[{"@type":"Article","@id":"https:\/\/stroyarsenal62.com\/fr\/dizajn-kod-peterburga-gorod-glazami-dizajnerov-i\/#article","isPartOf":{"@id":"https:\/\/stroyarsenal62.com\/fr\/dizajn-kod-peterburga-gorod-glazami-dizajnerov-i\/"},"author":{"name":"Fedor Pavlov","@id":"https:\/\/stroyarsenal62.com\/fr\/#\/schema\/person\/418cf0762c949466344834a4a5c41fe2"},"headline":"Le code design de Saint-P\u00e9tersbourg : la ville vue par les designers et les leaders d&rsquo;opinion","datePublished":"2026-01-21T20:51:47+00:00","mainEntityOfPage":{"@id":"https:\/\/stroyarsenal62.com\/fr\/dizajn-kod-peterburga-gorod-glazami-dizajnerov-i\/"},"wordCount":3472,"commentCount":0,"articleSection":["Design"],"inLanguage":"fr-FR","potentialAction":[{"@type":"CommentAction","name":"Comment","target":["https:\/\/stroyarsenal62.com\/fr\/dizajn-kod-peterburga-gorod-glazami-dizajnerov-i\/#respond"]}]},{"@type":"WebPage","@id":"https:\/\/stroyarsenal62.com\/fr\/dizajn-kod-peterburga-gorod-glazami-dizajnerov-i\/","url":"https:\/\/stroyarsenal62.com\/fr\/dizajn-kod-peterburga-gorod-glazami-dizajnerov-i\/","name":"Le code design de Saint-P\u00e9tersbourg : la ville vue par les designers et les leaders d&apos;opinion","isPartOf":{"@id":"https:\/\/stroyarsenal62.com\/fr\/#website"},"datePublished":"2026-01-21T20:51:47+00:00","author":{"@id":"https:\/\/stroyarsenal62.com\/fr\/#\/schema\/person\/418cf0762c949466344834a4a5c41fe2"},"description":"D\u00e9couvrez le code design de Saint-P\u00e9tersbourg \u00e0 travers les yeux des meilleurs designers et leaders d&apos;opinion ! D\u00e9couvrez comment l&apos;architecture, la culture urbaine et les tendances contemporaines fa\u00e7onnent le style unique de la capitale du nord. Des opinions exclusives, des id\u00e9es inspirantes et des d\u00e9tails cach\u00e9s de la ville que vous auriez pu manquer. Plongez dans l&apos;atmosph\u00e8re de Saint-P\u00e9tersbourg \u00e0 travers le prisme du design, pour les amateurs de style, de ville et de cr\u00e9ativit\u00e9.","breadcrumb":{"@id":"https:\/\/stroyarsenal62.com\/fr\/dizajn-kod-peterburga-gorod-glazami-dizajnerov-i\/#breadcrumb"},"inLanguage":"fr-FR","potentialAction":[{"@type":"ReadAction","target":["https:\/\/stroyarsenal62.com\/fr\/dizajn-kod-peterburga-gorod-glazami-dizajnerov-i\/"]}]},{"@type":"BreadcrumbList","@id":"https:\/\/stroyarsenal62.com\/fr\/dizajn-kod-peterburga-gorod-glazami-dizajnerov-i\/#breadcrumb","itemListElement":[{"@type":"ListItem","position":1,"name":"Maison","item":"https:\/\/stroyarsenal62.com\/fr\/"},{"@type":"ListItem","position":2,"name":"Le code design de Saint-P\u00e9tersbourg : la ville vue par les designers et les leaders d&#8217;opinion"}]},{"@type":"WebSite","@id":"https:\/\/stroyarsenal62.com\/fr\/#website","url":"https:\/\/stroyarsenal62.com\/fr\/","name":"StroyArsenal62.com","description":"Tout sur la construction et la r\u00e9novation de A \u00e0 Z","potentialAction":[{"@type":"SearchAction","target":{"@type":"EntryPoint","urlTemplate":"https:\/\/stroyarsenal62.com\/fr\/?s={search_term_string}"},"query-input":{"@type":"PropertyValueSpecification","valueRequired":true,"valueName":"search_term_string"}}],"inLanguage":"fr-FR"},{"@type":"Person","@id":"https:\/\/stroyarsenal62.com\/fr\/#\/schema\/person\/418cf0762c949466344834a4a5c41fe2","name":"Fedor Pavlov","image":{"@type":"ImageObject","inLanguage":"fr-FR","@id":"https:\/\/secure.gravatar.com\/avatar\/9a824d4c701d200c7a11cf1a335b0ac8d8ea972a160b699581b50aecfcaec866?s=96&d=mm&r=g","url":"https:\/\/secure.gravatar.com\/avatar\/9a824d4c701d200c7a11cf1a335b0ac8d8ea972a160b699581b50aecfcaec866?s=96&d=mm&r=g","contentUrl":"https:\/\/secure.gravatar.com\/avatar\/9a824d4c701d200c7a11cf1a335b0ac8d8ea972a160b699581b50aecfcaec866?s=96&d=mm&r=g","caption":"Fedor Pavlov"},"description":"Architecte d'int\u00e9rieur, auteur de livres sur le design r\u00e9sidentiel. Je vous aiderai \u00e0 rendre votre maison non seulement fonctionnelle, mais aussi belle.","url":"https:\/\/stroyarsenal62.com\/fr\/author\/author-publications-fr_3\/"}]}},"_links":{"self":[{"href":"https:\/\/stroyarsenal62.com\/fr\/wp-json\/wp\/v2\/posts\/1211","targetHints":{"allow":["GET"]}}],"collection":[{"href":"https:\/\/stroyarsenal62.com\/fr\/wp-json\/wp\/v2\/posts"}],"about":[{"href":"https:\/\/stroyarsenal62.com\/fr\/wp-json\/wp\/v2\/types\/post"}],"author":[{"embeddable":true,"href":"https:\/\/stroyarsenal62.com\/fr\/wp-json\/wp\/v2\/users\/56"}],"replies":[{"embeddable":true,"href":"https:\/\/stroyarsenal62.com\/fr\/wp-json\/wp\/v2\/comments?post=1211"}],"version-history":[{"count":0,"href":"https:\/\/stroyarsenal62.com\/fr\/wp-json\/wp\/v2\/posts\/1211\/revisions"}],"wp:attachment":[{"href":"https:\/\/stroyarsenal62.com\/fr\/wp-json\/wp\/v2\/media?parent=1211"}],"wp:term":[{"taxonomy":"category","embeddable":true,"href":"https:\/\/stroyarsenal62.com\/fr\/wp-json\/wp\/v2\/categories?post=1211"},{"taxonomy":"post_tag","embeddable":true,"href":"https:\/\/stroyarsenal62.com\/fr\/wp-json\/wp\/v2\/tags?post=1211"}],"curies":[{"name":"wp","href":"https:\/\/api.w.org\/{rel}","templated":true}]}}