{"id":159,"date":"2026-01-21T23:51:45","date_gmt":"2026-01-21T20:51:45","guid":{"rendered":"https:\/\/stroyarsenal62.com\/fr\/oformljaem-stend-dlja-vystavki-rekomendacii-i\/"},"modified":"2026-01-21T23:51:45","modified_gmt":"2026-01-21T20:51:45","slug":"oformljaem-stend-dlja-vystavki-rekomendacii-i","status":"publish","type":"post","link":"https:\/\/stroyarsenal62.com\/fr\/oformljaem-stend-dlja-vystavki-rekomendacii-i\/","title":{"rendered":"Am\u00e9nager un stand pour une exposition : conseils et astuces de 5 designers"},"content":{"rendered":"\n<p>Le stand d&apos;exposition est votre vitrine aupr\u00e8s de vos clients et partenaires potentiels. En quelques secondes seulement, il doit attirer l&apos;attention, pr\u00e9senter la marque et inciter au dialogue. Y parvenir dans l&apos;atmosph\u00e8re bruyante et concurrentielle d&apos;un salon n&apos;est pas une t\u00e2che facile, mais elle est r\u00e9alisable avec la bonne approche.<\/p>\n<p>Nous avons rassembl\u00e9 les conseils pratiques de cinq designers exp\u00e9riment\u00e9s qui ont cr\u00e9\u00e9 des stands pour diff\u00e9rentes entreprises. Leur exp\u00e9rience montre que le succ\u00e8s ne r\u00e9side pas seulement dans le budget, mais aussi dans une id\u00e9e pertinente, une ergonomie bien pens\u00e9e et une attention particuli\u00e8re aux d\u00e9tails. Ces recommandations vous aideront \u00e0 \u00e9viter les erreurs courantes et \u00e0 vous d\u00e9marquer, m\u00eame si l&apos;espace ou les ressources sont limit\u00e9s.<\/p>\n<p>Au lieu d&apos;essayer de faire tenir toutes les informations sur l&apos;entreprise sur le stand, concentrez-vous sur le message principal. Que voulez-vous que le visiteur retienne ? Quelle est la premi\u00e8re chose qu&apos;il doit faire apr\u00e8s avoir discut\u00e9 avec vous ? Des r\u00e9ponses claires \u00e0 ces questions constitueront la base d&apos;une conception et d&apos;une communication efficaces.<\/p>\n<h2>Tatiana Mironova : &laquo; Je con\u00e7ois le stand comme un int\u00e9rieur, ce qui permet de cr\u00e9er une atmosph\u00e8re, une sensation de confort, et cela attire les visiteurs. &raquo;<\/h2>\n<p>&laquo; L&apos;exposition est un \u00e9v\u00e9nement divertissant et agr\u00e9able. J&apos;aime montrer mes \u0153uvres au public, communiquer, rencontrer de nouvelles personnes, attirer l&apos;attention sur moi, entre autres. Je participe par int\u00e9r\u00eat, pour le plaisir et pour attirer des clients. Toutes les expositions ne permettent pas de trouver de nouveaux clients. Par exemple, au Salon des antiquaires, j&apos;ai l&apos;impression que les gens viennent pour autre chose, pour acheter des antiquit\u00e9s, des objets d&apos;art. Mais le th\u00e8me de l&apos;exposition est tr\u00e8s proche de la d\u00e9coration d&apos;int\u00e9rieur. La d\u00e9coration d&apos;int\u00e9rieur et les antiquit\u00e9s font bon m\u00e9nage. Mon partenaire, fournisseur de meubles am\u00e9ricains, et moi-m\u00eame avons pris deux stands l&apos;un en face de l&apos;autre et nous nous sommes parfaitement compl\u00e9t\u00e9s. Il en est r\u00e9sult\u00e9 une collaboration originale entre un architecte d&apos;int\u00e9rieur et une entreprise de meubles. J&apos;ai \u00e9galement eu l&apos;occasion d&apos;exposer mes propres cr\u00e9ations de bijoux, qui ont remport\u00e9 un vif succ\u00e8s : beaucoup ont \u00e9t\u00e9 vendues, ce qui a partiellement couvert les frais.<\/p>\n<p>     <img decoding=\"async\" class=\"aligncenter\" src=\"\/wp-content\/uploads\/2026\/01\/oformljaem-stend-dlja-vystavki-rekomendacii-i_5.jpg\" \/><\/p>\n<p>Stand du bureau d&apos;architecture de Tatiana Mironova au Salon des antiquaires 2023. Photo : Dmitri Livshits<\/p>\n<p>Stand du bureau d&apos;architecture de Tatiana Mironova au Salon des antiquaires 2023. Photo : Dmitri Livshits<\/p>\n<p>Les th\u00e8mes sont toujours diff\u00e9rents. Nous ne vendons ni ne fabriquons de meubles, nous partons donc de la situation, de ce qui est disponible \u00e0 un moment donn\u00e9. Pour l&apos;un de mes projets, on m&apos;a justement apport\u00e9 un lit en osier. J&apos;ai pens\u00e9 que c&apos;\u00e9tait une excellente id\u00e9e de l&apos;utiliser dans la d\u00e9coration, c&apos;est ainsi qu&apos;est n\u00e9 le th\u00e8me de l&apos;\u00e9codesign. Nous avons encadr\u00e9 la corniche sup\u00e9rieure avec une corniche en balais. Avec le lit en paille, cela donnait un r\u00e9sultat tr\u00e8s int\u00e9ressant et inhabituel. D&apos;ailleurs, une visiteuse \u00e0 la peau fonc\u00e9e, en voyant notre stand, s&apos;est exclam\u00e9e : &laquo; Mais c&apos;est l&apos;Afrique ! &raquo;. Imaginez, nos balais russes lui ont rappel\u00e9 sa maison natale. C&apos;\u00e9tait touchant et adorable. En g\u00e9n\u00e9ral, peu m&apos;importe de quoi et comment est fait le stand, dans quel style il est r\u00e9alis\u00e9, mon histoire est de cr\u00e9er du confort, au centre de l&apos;attention, il y a toujours l&apos;homme et son confort dans cet espace.<\/p>\n<p>     <img decoding=\"async\" class=\"aligncenter\" src=\"\/wp-content\/uploads\/2026\/01\/oformljaem-stend-dlja-vystavki-rekomendacii-i_1.jpg\" \/><\/p>\n<p>Stand du bureau d&apos;architecture de Tatiana Mironova au Salon des antiquaires 2023. Photo : Dmitri Livshits<\/p>\n<p>Stand du bureau d&apos;architecture de Tatiana Mironova au Salon des antiquaires 2023. Photo : Dmitri Livshits<\/p>\n<p>Je pr\u00e9f\u00e8re utiliser un \u00e9clairage combin\u00e9 pour cr\u00e9er des jeux de lumi\u00e8re. J&apos;aime les \u00e9clairages ponctuels, les lumi\u00e8res basses (lampadaires, lampes de table, abat-jours chaleureux). Je con\u00e7ois m\u00eame le stand comme un int\u00e9rieur, ce qui permet de cr\u00e9er une atmosph\u00e8re, une sensation de confort, et cela attire les visiteurs, permet de se d\u00e9marquer des autres participants.<\/p>\n<p>     <img decoding=\"async\" class=\"aligncenter\" src=\"\/wp-content\/uploads\/2026\/01\/oformljaem-stend-dlja-vystavki-rekomendacii-i_2.jpg\" \/><\/p>\n<p>Stand au Salon des antiquaires 2022<\/p>\n<p>Stand \u00e0 l&apos;exposition Salon des antiquaires \u2013 2022<\/p>\n<p>Am\u00e9nagement d&apos;une chambre de 18 m\u00e8tres carr\u00e9s : options pour l&apos;am\u00e9nagement d&apos;un dressing<\/p>\n<p><iframe loading=\"lazy\" width=\"560\" height=\"315\" src=\"https:\/\/www.youtube.com\/embed\/-SVhi88X_Rc\" frameborder=\"0\" allow=\"autoplay; encrypted-media\" allowfullscreen><\/iframe><\/p>\n<h2>Le lustre du salon ressemble \u00e0 un nuage de verre au plafond. Et le meuble multim\u00e9dia avec sa fa\u00e7ade \u00e0 lattes verticales rassemble le centre de la composition et d\u00e9finit la verticale.<\/h2>\n<p>Am\u00e9nagement<\/p>\n<p>Pour que votre stand soit r\u00e9ussi \u00e0 tous \u00e9gards, vous devez r\u00e9fl\u00e9chir \u00e0 de nombreux aspects. Voici quelques-unes des questions auxquelles vous devez r\u00e9pondre : quels sont les principaux objectifs \u00e0 atteindre gr\u00e2ce \u00e0 votre participation au salon, quel public le stand doit-il attirer, quelle est la mission principale du stand, comment attirer les visiteurs vers le stand, et bien d&apos;autres encore. Si vous r\u00e9pondez \u00e0 ces questions, le succ\u00e8s est garanti !<\/p>\n<p>Comme pour tout \u00e9v\u00e9nement professionnel important, la cr\u00e9ation d&apos;un stand d&apos;exposition ob\u00e9it \u00e0 ses propres lois et r\u00e8gles. Outre la documentation r\u00e9glementaire r\u00e9gissant les activit\u00e9s d&apos;exposition au niveau national, chaque site d&apos;exposition et chaque soci\u00e9t\u00e9 organisatrice d&apos;exposition publie un ensemble de r\u00e8gles que les participants \u00e0 l&apos;exposition doivent respecter scrupuleusement. Toutes les r\u00e8gles et tous les lois doivent \u00eatre \u00e9tudi\u00e9s avant de commencer la conception afin de prendre en compte toutes les nuances. Il est important de tout savoir : les restrictions concernant les dimensions et la forme des \u00e9l\u00e9ments du stand, les m\u00e9thodes de fixation des structures, les conditions d&apos;alimentation \u00e9lectrique du stand, les possibilit\u00e9s d&apos;\u00e9clairage du stand, les recommandations concernant la palette de couleurs et le contenu s\u00e9mantique, la taille des logos, etc.<\/p>\n<p>Lors de la conception du stand, il est tr\u00e8s important de r\u00e9fl\u00e9chir \u00e0 l&apos;emplacement des principaux flux de visiteurs, \u00e0 la direction du mouvement principal, et de placer les objets et les enseignes phares de mani\u00e8re \u00e0 ce qu&apos;ils attirent imm\u00e9diatement l&apos;attention. Il faut \u00e9galement disposer les \u00e9l\u00e9ments du stand de mani\u00e8re \u00e0 ce que l&apos;ensemble soit bien pens\u00e9, \u00e9quilibr\u00e9 et efficace.<\/p>\n<p>Notre stand \u00e0 l&apos;exposition ART DOM \u00e9tait consacr\u00e9 aux objets d&apos;int\u00e9rieur de la fabrique B&amp;B Italy, et plus pr\u00e9cis\u00e9ment aux ic\u00f4nes du design d&apos;objet : le fauteuil UP de Gaetano Peshe, le fauteuil Fat de Patricia Urciola, le canap\u00e9 le Bambole de Mario Bellini. L&apos;id\u00e9e principale \u00e9tait de plonger dans l&apos;univers int\u00e9rieur des objets cr\u00e9\u00e9s par de grands ma\u00eetres. Nous avons jou\u00e9 sur cette &laquo; invitation &raquo; \u00e0 travers un portail symbolique form\u00e9 par le reflet infini des miroirs, qui a permis aux visiteurs de se plonger dans l&apos;histoire inconnue et cach\u00e9e de la cr\u00e9ation des objets afin de comprendre l&apos;intention des auteurs qui ont cr\u00e9\u00e9 ces objets cultes. Pour que le stand soit visible et m\u00e9morable, nous avons utilis\u00e9 plusieurs techniques \u00e0 la fois. Tout d&apos;abord, des couleurs contrast\u00e9es pour les affiches : rouge, noir, blanc. Ensuite, une image lumineuse et grande d&apos;une \u00e9norme autruche cachant sa t\u00eate dans le monde int\u00e9rieur sombre des objets. troisi\u00e8mement, des miroirs grotesques reprenant la forme des fen\u00eatres du ch\u00e2teau Sforza \u00e0 Milan.<\/p>\n<p>     <img decoding=\"async\" class=\"aligncenter\" src=\"\/wp-content\/uploads\/2026\/01\/oformljaem-stend-dlja-vystavki-rekomendacii-i_3.jpg\" \/><\/p>\n<p>Stand \u00e0 l&apos;exposition ART DOM-2024 (collaboration entre le bureau de design<strong> <\/strong>Bellardo<strong>,<\/strong> la cha\u00eene de salons &laquo; Int\u00e9rieurs Extra Class &raquo;, la cha\u00eene de magasins &laquo; Dom Farfora &raquo; et la soci\u00e9t\u00e9 &laquo; Kultura Kovrov &raquo;)<\/p>\n<p>Stand \u00e0 l&apos;exposition ARTDOM-2024 (collaboration entre le bureau de design<strong> <\/strong>Bellardo<strong>,<\/strong> r\u00e9seau de salons &laquo; Int\u00e9rieurs Extra Class &raquo;, r\u00e9seau de magasins &laquo; Dom Farfora &raquo;, soci\u00e9t\u00e9 &laquo; Kultura Kovrov &raquo;)<\/p>\n<p>Bien s\u00fbr, il est tr\u00e8s important de formuler par \u00e9crit le concept du stand et les id\u00e9es principales qui seront transmises par les employ\u00e9s travaillant sur le stand doivent \u00eatre formul\u00e9es clairement et de mani\u00e8re concise. Tous les participants doivent conna\u00eetre par c\u0153ur tout ce qui concerne chaque objet, depuis son concept jusqu&apos;aux mat\u00e9riaux \u00e0 partir desquels il a \u00e9t\u00e9 fabriqu\u00e9, en passant par le lieu et les personnes qui l&apos;ont fabriqu\u00e9. Commencez donc par formuler ces blocs d&apos;informations, imprimez-les et distribuez-les \u00e0 vos coll\u00e8gues afin qu&apos;ils puissent apprendre tout le contenu et \u00eatre en mesure de parler aux visiteurs des activit\u00e9s de l&apos;entreprise.<\/p>\n<p>     <img decoding=\"async\" class=\"aligncenter\" src=\"\/wp-content\/uploads\/2026\/01\/oformljaem-stend-dlja-vystavki-rekomendacii-i_4.jpg\" \/><\/p>\n<p>Souhaitez-vous que nous r\u00e9alisions une vid\u00e9o de cet int\u00e9rieur ?<strong> <\/strong>Bellardo<strong>,<\/strong> plan avec disposition du mobilier<\/p>\n<p>&laquo; Lors de la cr\u00e9ation de l&apos;int\u00e9rieur, du choix des formes, des textures et des couleurs, j&apos;avais \u00e0 l&apos;esprit le th\u00e8me principal du projet \u2014 &laquo; prairie fleurie &raquo; \u2014 et j&apos;ai examin\u00e9 chaque objet choisi du point de vue de sa conformit\u00e9 et de sa capacit\u00e9 \u00e0 soutenir cette ambiance. Pas de citations directes. Seulement une allusion et une atmosph\u00e8re g\u00e9n\u00e9rale &raquo;, explique Anna Pavlovskaya. &laquo; D\u00e8s l&apos;entr\u00e9e dans l&apos;appartement, nous sentons le bruissement et l&apos;odeur des herbes : dans le couloir, un diptyque de Larisa Kravchenkova est accroch\u00e9 au mur, r\u00e9alis\u00e9 \u00e0 partir de v\u00e9ritables herbes des champs et de pissenlits s\u00e9ch\u00e9s. La palette de couleurs sourdes cr\u00e9e une impression d&apos;ombre projet\u00e9e par les arbres, \u00e0 travers lesquels nous nous frayons un chemin vers une prairie luxuriante, remplie d&apos;air et de lumi\u00e8re solaire : le salon et la salle \u00e0 manger. La g\u00e9om\u00e9trie complexe de la salle, caract\u00e9ristique des maisons modernes, sugg\u00e8re en soi les zones \u00e0 am\u00e9nager.<strong> <\/strong>Sur la photo : pi\u00e8ce de 18 m\u00e8tres dans un studio<strong>,<\/strong> design : Nadia Zotova, studio Enjoy Home<\/p>\n<p>L&apos;objectif principal de la participation au salon est la publicit\u00e9. Outre le stand lui-m\u00eame, le travail sur place avec des explications, des commentaires et des r\u00e9ponses aux questions, il faut \u00e9galement pr\u00e9voir des codes QR plac\u00e9s dans les zones les plus visibles du stand et des documents imprim\u00e9s \u00e0 distribuer aux visiteurs. Il s&apos;agit de petites cartes, de cartes de visite, de brochures qui informent les visiteurs de mani\u00e8re efficace et concise sur notre entreprise et les invitent \u00e0 nous contacter pour une collaboration future.<\/p>\n<p>Et enfin, le plus important : le travail sur les r\u00e9sultats du salon. Il s&apos;agit de syst\u00e9matiser les contacts obtenus pendant le salon, de travailler \u00e0 l&apos;\u00e9tablissement d&apos;une interaction et d&apos;une coop\u00e9ration future, de corriger les erreurs dans tous les domaines de notre activit\u00e9 qui sont apparues pendant le salon, de tirer des conclusions et de remercier nos coll\u00e8gues et partenaires.<\/p>\n<blockquote><p>Un bon stand d&apos;exposition n&apos;est pas une question d&apos;\u00e9chelle, mais d&apos;attention aux d\u00e9tails : il doit attirer le regard, \u00eatre compr\u00e9hensible au premier coup d&apos;\u0153il et raconter une histoire sans bruit superflu. Cinq designers conseillent de commencer par quelque chose de simple : d\u00e9finir clairement l&apos;objectif du stand, choisir un \u00e9l\u00e9ment central et construire tout le reste autour de lui. Ne surchargez pas l&apos;espace avec des textes et des images : les visiteurs n&apos;ont pas le temps de se plonger dans des montagnes d&apos;informations. Les astuces sont simples : utilisez des accents vifs, des polices pratiques, r\u00e9fl\u00e9chissez \u00e0 l&apos;\u00e9clairage et n&apos;oubliez pas l&apos;interactivit\u00e9 \u2014 faites en sorte que les visiteurs ne se contentent pas de regarder, mais qu&apos;ils m\u00e9morisent \u00e9galement.<\/p><\/blockquote>\n<h2>Alexey Bochkov : &laquo; Avant de commencer, regardez le futur stand avec les yeux d&apos;un visiteur. &raquo;<\/h2>\n<p>&laquo; Une exposition est un moment important et complexe, depuis le choix de l&apos;emplacement dans la salle commune de l&apos;espace d&apos;exposition jusqu&apos;\u00e0 l&apos;organisation du stand lui-m\u00eame.<\/p>\n<p>     <img decoding=\"async\" class=\"aligncenter\" src=\"\/wp-content\/uploads\/2026\/01\/oformljaem-stend-dlja-vystavki-rekomendacii-i_7.jpg\" \/><\/p>\n<p>Stand &laquo; Ampir-Decor &raquo; au salon &laquo; ArtDom 2024 &raquo;. Photo : Sergey Morgunov<\/p>\n<p>Stand &laquo; Ampiir-Dekor &raquo; \u00e0 l&apos;exposition &laquo; ArtDom 2024 &raquo;. Photo : Sergue\u00ef Morgounov<\/p>\n<p>En g\u00e9n\u00e9ral, beaucoup de choses restent dans les coulisses : l&apos;arriv\u00e9e sur le chantier, la construction et la mani\u00e8re dont le concept du stand lui-m\u00eame est con\u00e7u et approuv\u00e9. Bien s\u00fbr, l&apos;id\u00e9al est de visiter le site de l&apos;exposition. Faites attention \u00e0 l&apos;\u00e9clairage naturel de l&apos;espace et soyez attentif \u00e0 l&apos;\u00e9clairage du stand. En g\u00e9n\u00e9ral, les organisateurs proposent leurs propres dispositifs d&apos;\u00e9clairage, mais cela peut g\u00e2cher l&apos;ensemble. Si vous faites un enregistrement vid\u00e9o, tenez compte de ce point.<\/p>\n<p>     <img decoding=\"async\" class=\"aligncenter\" src=\"\/wp-content\/uploads\/2026\/01\/oformljaem-stend-dlja-vystavki-rekomendacii-i_11.jpg\" \/><\/p>\n<p>Stand Alexey Bochkov Design au salon &laquo; Salon des antiquaires &amp; LifeStyle &raquo;<\/p>\n<p>Stand Alexey Bochkov Design au salon &laquo; Antiquit\u00e9s &amp; LifeStyle &raquo;<\/p>\n<p>Avant de commencer, regardez le futur stand avec les yeux d&apos;un visiteur : est-ce que cela m&apos;int\u00e9resse, est-ce que cela attirera mon attention ? Le stand doit \u00eatre compr\u00e9hensible tout en suscitant la question : &laquo; Qu&apos;est-ce que c&apos;est ? &raquo;. Je suis pour la collaboration. Cela permet d&apos;enrichir le stand avec des mat\u00e9riaux et des objets suppl\u00e9mentaires, de montrer plus d&apos;id\u00e9es.<\/p>\n<p>     <img decoding=\"async\" class=\"aligncenter\" src=\"\/wp-content\/uploads\/2026\/01\/oformljaem-stend-dlja-vystavki-rekomendacii-i_6.jpg\" \/><\/p>\n<p>Stand Alexey Bochkov Design au salon &laquo; ArkhMoscou &raquo;<\/p>\n<p>Stand Alexey Bochkov Design au salon &laquo; ArkhMoscou &raquo;<\/p>\n<p>Il faut une \u00e9quipe bien rod\u00e9e, pr\u00eate \u00e0 mettre en \u0153uvre vos id\u00e9es dans les plus brefs d\u00e9lais. Une journ\u00e9e, voire moins, est consacr\u00e9e au montage. Et encore moins pour le d\u00e9montage et l&apos;enl\u00e8vement des mat\u00e9riaux du site. Normes techniques, charges, exigences en mati\u00e8re de s\u00e9curit\u00e9 incendie&#8230; La liste est assez longue&#8230; Mais d\u00e8s l&apos;ouverture du salon, tout cela est oubli\u00e9 et place aux \u00e9motions !<\/p>\n<p>Comme pour tout projet, tout commence par un cahier des charges. Celui-ci doit \u00eatre r\u00e9dig\u00e9 de mani\u00e8re aussi d\u00e9taill\u00e9e que possible. R\u00e9fl\u00e9chissez \u00e0 la conception et \u00e0 l&apos;assemblage des \u00e9l\u00e9ments. N&apos;oubliez pas qu&apos;il existe des restrictions non seulement en termes de dimensions du stand, mais aussi en termes de types de travaux de construction et d&apos;outils.<\/p>\n<p>L&apos;objectif principal de tout stand est d&apos;attirer l&apos;attention et de surprendre par des solutions int\u00e9ressantes. Tout d\u00e9pend du produit que nous voulons pr\u00e9senter.<\/p>\n<p>     <img decoding=\"async\" class=\"aligncenter\" src=\"\/wp-content\/uploads\/2026\/01\/oformljaem-stend-dlja-vystavki-rekomendacii-i_12.jpg\" \/><\/p>\n<p>Stand de la soci\u00e9t\u00e9 Mallers au salon ArtDom 2024. Photo : Sergey Morgunov<\/p>\n<p>Stand de la soci\u00e9t\u00e9 Mallers au salon ArtDom 2024. Photo : Sergue\u00ef Morgounov<\/p>\n<p>Depuis plusieurs ann\u00e9es, je travaille sur des concepts pour la soci\u00e9t\u00e9 &laquo; Ampir Decor &raquo; et la marque de mat\u00e9riaux d\u00e9coratifs haut de gamme Mallers. Nous ne faisons jamais deux fois la m\u00eame chose. \u00c0 chaque exposition, nous pr\u00e9sentons de nouvelles id\u00e9es cr\u00e9atives. Nous avons \u00e9t\u00e9 les premiers \u00e0 collaborer avec des artistes et \u00e0 montrer qu&apos;il \u00e9tait possible d&apos;utiliser la peinture d&apos;int\u00e9rieur comme une \u0153uvre d&apos;art. Les artistes cr\u00e9ent leurs chefs-d&apos;\u0153uvre avec les peintures et les enduits d\u00e9coratifs Mallers.<\/p>\n<h2>Alena Chashkina : &laquo; L&apos;ergonomie est essentielle dans la conception d&apos;un stand. Il est n\u00e9cessaire de planifier les itin\u00e9raires et les zones de service aux visiteurs. &raquo;<\/h2>\n<p>&laquo; Le travail sur n&apos;importe quel projet commence toujours par une id\u00e9e. Peu importe qu&apos;il s&apos;agisse d&apos;un espace priv\u00e9 ou public, d&apos;autant plus lorsqu&apos;il s&apos;agit d&apos;un espace d&apos;exposition. C&apos;est toujours le produit \u00e0 exposer qui dicte la mani\u00e8re dont le stand doit \u00eatre am\u00e9nag\u00e9. Ainsi, par exemple, en r\u00e9fl\u00e9chissant au concept du stand Sagarti pour le salon ART DOM 2024, j&apos;ai opt\u00e9 pour un magnifique tandem : un agencement classique des murs et des panneaux modernes arrondis, d\u00e9cor\u00e9s d&apos;un enduit en relief qui nous rappelle visuellement le relief complexe de la Terre. Un clin d&apos;\u0153il \u00e0 la nature et \u00e0 l&apos;\u00e9ternit\u00e9. Nous montrons ainsi que notre produit s&apos;int\u00e9grera parfaitement dans n&apos;importe quel int\u00e9rieur. Ici, le stand sert de support visuel pour le client potentiel.<\/p>\n<p>     <img decoding=\"async\" class=\"aligncenter\" src=\"\/wp-content\/uploads\/2026\/01\/oformljaem-stend-dlja-vystavki-rekomendacii-i_8.jpg\" \/><\/p>\n<p>Stand Sagarti \u00e0 ART DOM 2024, con\u00e7u par Alena Chashkina<\/p>\n<p>Stand Sagarti \u00e0 ART DOM 2024, con\u00e7u par Alena Chashkina<\/p>\n<p>Lors du salon MosBuild 2021, la soci\u00e9t\u00e9 AM GROUP a invit\u00e9 plusieurs designers \u00e0 am\u00e9nager son grand stand. Le th\u00e8me choisi \u00e9tait les quatre \u00e9l\u00e9ments. On m&apos;a confi\u00e9 le th\u00e8me &laquo; Le territoire de l&apos;eau &raquo;. Qu&apos;est-ce qui m&apos;a inspir\u00e9e ? L&apos;\u00e9l\u00e9ment eau peut \u00eatre per\u00e7u de diff\u00e9rentes mani\u00e8res. Pour moi, c&apos;est un flux d&apos;\u00e9nergie, sa profondeur, sa force et son architecture. J&apos;ai alors eu envie de relier tout cela \u00e0 l&apos;\u00e9nergie humaine. Ces r\u00e9flexions se sont traduites par le panneau Wall&amp;deco, o\u00f9 l&apos;on voit le lien entre l&apos;eau et l&apos;\u00e9nergie humaine. Le r\u00e9sultat est un fond complexe, mais en m\u00eame temps \u00e9l\u00e9gant, pour les mitigeurs STELLA, les accessoires Bertocci et les sanitaires ArtCeram dans des couleurs spectaculaires. Ils contrastent les uns avec les autres, comme le Yin et le Yang, comme le bleu profond de l&apos;oc\u00e9an et l&apos;espace glac\u00e9 d&apos;un blanc absolu de l&apos;Arctique. Compte tenu de l&apos;atmosph\u00e8re d&apos;immersion totale dans la nature, des sensations inhabituelles li\u00e9es \u00e0 l&apos;eau, un effet de bioluminescence, que l&apos;on peut parfois observer dans de nombreux endroits du monde au bord de la mer ou de l&apos;oc\u00e9an, a \u00e9t\u00e9 obtenu \u00e0 l&apos;aide d&apos;un miroir avec un \u00e9clairage p\u00e9riph\u00e9rique bleu. De plus, la soci\u00e9t\u00e9 Innovation electrique l&apos;a \u00e9quip\u00e9 d&apos;une fonction TV.<\/p>\n<p>L&apos;ergonomie est essentielle dans la conception d&apos;un stand. Il ne faut pas oublier qu&apos;un stand peut accueillir un grand nombre de visiteurs. Il est n\u00e9cessaire de planifier les itin\u00e9raires et les zones de service \u00e0 la client\u00e8le. Ils doivent \u00eatre confortables et pratiques et ne pas g\u00eaner la circulation des visiteurs sur le stand. Il est important d&apos;attirer l&apos;attention des visiteurs sur certains objets. Par exemple, en planifiant l&apos;espace du stand Sagarti, j&apos;ai compris que chaque unit\u00e9 de ce magnifique produit n\u00e9cessitait une attention particuli\u00e8re. C&apos;est ainsi qu&apos;ont \u00e9t\u00e9 cr\u00e9\u00e9es plusieurs zones distinctes, o\u00f9 chaque luminaire est mis en valeur de mani\u00e8re particuli\u00e8re.<\/p>\n<p>     <img decoding=\"async\" class=\"aligncenter\" src=\"\/wp-content\/uploads\/2026\/01\/oformljaem-stend-dlja-vystavki-rekomendacii-i_10.jpg\" \/><\/p>\n<p>Stand Sagarti \u00e0 ARTDOM-2024, con\u00e7u par Alena Chashkina<\/p>\n<p>Stand Sagarti \u00e0 ARTDOM-2024, con\u00e7u par Alena Chashkina<\/p>\n<p>Je suis convaincue que 50 % de l&apos;attrait d&apos;un stand d\u00e9pend d&apos;un \u00e9clairage bien pens\u00e9 et d&apos;une temp\u00e9rature de lumi\u00e8re bien choisie. \u00c0 mon avis, la meilleure solution est une lumi\u00e8re du jour avec une temp\u00e9rature de 4000 K.<\/p>\n<p>\u00c0 mon avis, l&apos;esth\u00e9tique et un espace bien pens\u00e9 ont toujours \u00e9t\u00e9 \u00e0 la mode. Peu importe le style de cet espace. Aujourd&apos;hui, un stand peut \u00eatre con\u00e7u dans n&apos;importe quel style, qu&apos;il soit contemporain, art d\u00e9co ou fusion&#8230; Qu&apos;il soit monochrome ou color\u00e9, clair ou sombre, l&apos;essentiel est d&apos;atteindre l&apos;objectif ! Et de mettre en valeur le produit, ses avantages et ses caract\u00e9ristiques.<\/p>\n<p>     <img decoding=\"async\" class=\"aligncenter\" src=\"\/wp-content\/uploads\/2026\/01\/oformljaem-stend-dlja-vystavki-rekomendacii-i_9.jpg\" \/><\/p>\n<p>Stand Sagarti \u00e0 ARTDOM-2024, con\u00e7u par Alena Chashkina<\/p>\n<p>Stand Sagarti \u00e0 ARTDOM-2024, con\u00e7u par Alena Chashkina<\/p>\n<p>Ma visite annuelle au plus grand salon au monde, ISaloni, m&apos;aide beaucoup dans mon travail. Cela permet d&apos;aiguiser son regard et, bien s\u00fbr, il est important pour moi de comprendre quelles sont les tendances actuelles dans l&apos;industrie du meuble. Quelles sont les couleurs, les styles, les formes et les d\u00e9tails qui ont la priorit\u00e9 aujourd&apos;hui. Ce qui anime l&apos;industrie mondiale du design de meubles et d&apos;\u00e9clairage. Je recommande vivement de ne pas manquer un \u00e9v\u00e9nement de cette envergure et de cette ampleur.<\/p>\n<p><iframe loading=\"lazy\" width=\"560\" height=\"315\" src=\"https:\/\/www.youtube.com\/embed\/nJlwdSXnkVY\" frameborder=\"0\" allow=\"autoplay; encrypted-media\" allowfullscreen><\/iframe><\/p>\n<p>Comme vous pouvez le constater, cr\u00e9er un stand d&apos;exposition spectaculaire n&apos;est pas une question de magie, mais le r\u00e9sultat d&apos;une approche r\u00e9fl\u00e9chie. L&apos;essentiel est de commencer par d\u00e9finir un objectif clair et de bien comprendre votre client. Une fois la base pr\u00eate, n&apos;h\u00e9sitez pas \u00e0 ajouter des d\u00e9tails qui attireront l&apos;attention.<\/p>\n<p>N&apos;ayez pas peur d&apos;exp\u00e9rimenter avec le graphisme, la lumi\u00e8re et l&apos;interactivit\u00e9, mais v\u00e9rifiez toujours qu&apos;ils servent votre id\u00e9e principale. Parfois, une visualisation simple mais frappante du message fonctionne mieux que la construction la plus complexe.<\/p>\n<p>Et enfin, un dernier conseil tr\u00e8s important : v\u00e9rifiez tout dans la pratique. Assemblez la maquette, passez devant comme un visiteur, assurez-vous que tout est lisible et fonctionne. Un stand bien con\u00e7u est votre vendeur silencieux, mais tr\u00e8s convaincant, qui travaille pour vous tous les jours du salon.<\/p>\n","protected":false},"excerpt":{"rendered":"<p>Le stand d&apos;exposition est votre vitrine aupr\u00e8s de vos clients et partenaires potentiels. En quelques secondes seulement, il doit attirer l&apos;attention, pr\u00e9senter la marque et inciter au dialogue. Y parvenir dans l&apos;atmosph\u00e8re bruyante et concurrentielle d&apos;un salon n&apos;est pas une t\u00e2che facile, mais elle est r\u00e9alisable avec la bonne approche. Nous avons rassembl\u00e9 les conseils [&hellip;]<\/p>\n","protected":false},"author":56,"featured_media":0,"comment_status":"open","ping_status":"open","sticky":false,"template":"","format":"standard","meta":{"footnotes":""},"categories":[23],"tags":[],"class_list":["post-159","post","type-post","status-publish","format-standard","","category-dizajn"],"yoast_head":"<!-- This site is optimized with the Yoast SEO plugin v28.2 - https:\/\/yoast.com\/product\/yoast-seo-wordpress\/ -->\n<title>Am\u00e9nager un stand pour une exposition : conseils et astuces de 5 designers<\/title>\n<meta name=\"description\" content=\"D\u00e9couvrez comment am\u00e9nager un stand d&amp;apos;exposition de mani\u00e8re efficace et intelligente ! Conseils pratiques et astuces de 5 designers professionnels, du choix des couleurs \u00e0 l&amp;apos;attraction des visiteurs. Donnez une nouvelle dimension \u00e0 la cr\u00e9ativit\u00e9 de votre stand et d\u00e9marquez-vous de vos concurrents.\" \/>\n<meta name=\"robots\" content=\"index, follow, max-snippet:-1, max-image-preview:large, max-video-preview:-1\" \/>\n<link rel=\"canonical\" href=\"https:\/\/stroyarsenal62.com\/fr\/oformljaem-stend-dlja-vystavki-rekomendacii-i\/\" \/>\n<meta property=\"og:locale\" content=\"fr_FR\" \/>\n<meta property=\"og:type\" content=\"article\" \/>\n<meta property=\"og:title\" content=\"Am\u00e9nager un stand pour une exposition : conseils et astuces de 5 designers\" \/>\n<meta property=\"og:description\" content=\"D\u00e9couvrez comment am\u00e9nager un stand d&amp;apos;exposition de mani\u00e8re efficace et intelligente ! Conseils pratiques et astuces de 5 designers professionnels, du choix des couleurs \u00e0 l&amp;apos;attraction des visiteurs. Donnez une nouvelle dimension \u00e0 la cr\u00e9ativit\u00e9 de votre stand et d\u00e9marquez-vous de vos concurrents.\" \/>\n<meta property=\"og:url\" content=\"https:\/\/stroyarsenal62.com\/fr\/oformljaem-stend-dlja-vystavki-rekomendacii-i\/\" \/>\n<meta property=\"og:site_name\" content=\"StroyArsenal62.com\" \/>\n<meta property=\"article:published_time\" content=\"2026-01-21T20:51:45+00:00\" \/>\n<meta name=\"author\" content=\"Fedor Pavlov\" \/>\n<meta name=\"twitter:card\" content=\"summary_large_image\" \/>\n<meta name=\"twitter:label1\" content=\"\u00c9crit par\" \/>\n\t<meta name=\"twitter:data1\" content=\"Fedor Pavlov\" \/>\n\t<meta name=\"twitter:label2\" content=\"Dur\u00e9e de lecture estim\u00e9e\" \/>\n\t<meta name=\"twitter:data2\" content=\"19 minutes\" \/>\n<script type=\"application\/ld+json\" class=\"yoast-schema-graph\">{\"@context\":\"https:\\\/\\\/schema.org\",\"@graph\":[{\"@type\":\"Article\",\"@id\":\"https:\\\/\\\/stroyarsenal62.com\\\/fr\\\/oformljaem-stend-dlja-vystavki-rekomendacii-i\\\/#article\",\"isPartOf\":{\"@id\":\"https:\\\/\\\/stroyarsenal62.com\\\/fr\\\/oformljaem-stend-dlja-vystavki-rekomendacii-i\\\/\"},\"author\":{\"name\":\"Fedor Pavlov\",\"@id\":\"https:\\\/\\\/stroyarsenal62.com\\\/fr\\\/#\\\/schema\\\/person\\\/418cf0762c949466344834a4a5c41fe2\"},\"headline\":\"Am\u00e9nager un stand pour une exposition : conseils et astuces de 5 designers\",\"datePublished\":\"2026-01-21T20:51:45+00:00\",\"mainEntityOfPage\":{\"@id\":\"https:\\\/\\\/stroyarsenal62.com\\\/fr\\\/oformljaem-stend-dlja-vystavki-rekomendacii-i\\\/\"},\"wordCount\":3742,\"commentCount\":0,\"articleSection\":[\"Design\"],\"inLanguage\":\"fr-FR\",\"potentialAction\":[{\"@type\":\"CommentAction\",\"name\":\"Comment\",\"target\":[\"https:\\\/\\\/stroyarsenal62.com\\\/fr\\\/oformljaem-stend-dlja-vystavki-rekomendacii-i\\\/#respond\"]}]},{\"@type\":\"WebPage\",\"@id\":\"https:\\\/\\\/stroyarsenal62.com\\\/fr\\\/oformljaem-stend-dlja-vystavki-rekomendacii-i\\\/\",\"url\":\"https:\\\/\\\/stroyarsenal62.com\\\/fr\\\/oformljaem-stend-dlja-vystavki-rekomendacii-i\\\/\",\"name\":\"Am\u00e9nager un stand pour une exposition : conseils et astuces de 5 designers\",\"isPartOf\":{\"@id\":\"https:\\\/\\\/stroyarsenal62.com\\\/fr\\\/#website\"},\"datePublished\":\"2026-01-21T20:51:45+00:00\",\"author\":{\"@id\":\"https:\\\/\\\/stroyarsenal62.com\\\/fr\\\/#\\\/schema\\\/person\\\/418cf0762c949466344834a4a5c41fe2\"},\"description\":\"D\u00e9couvrez comment am\u00e9nager un stand d&apos;exposition de mani\u00e8re efficace et intelligente ! Conseils pratiques et astuces de 5 designers professionnels, du choix des couleurs \u00e0 l&apos;attraction des visiteurs. Donnez une nouvelle dimension \u00e0 la cr\u00e9ativit\u00e9 de votre stand et d\u00e9marquez-vous de vos concurrents.\",\"breadcrumb\":{\"@id\":\"https:\\\/\\\/stroyarsenal62.com\\\/fr\\\/oformljaem-stend-dlja-vystavki-rekomendacii-i\\\/#breadcrumb\"},\"inLanguage\":\"fr-FR\",\"potentialAction\":[{\"@type\":\"ReadAction\",\"target\":[\"https:\\\/\\\/stroyarsenal62.com\\\/fr\\\/oformljaem-stend-dlja-vystavki-rekomendacii-i\\\/\"]}]},{\"@type\":\"BreadcrumbList\",\"@id\":\"https:\\\/\\\/stroyarsenal62.com\\\/fr\\\/oformljaem-stend-dlja-vystavki-rekomendacii-i\\\/#breadcrumb\",\"itemListElement\":[{\"@type\":\"ListItem\",\"position\":1,\"name\":\"Maison\",\"item\":\"https:\\\/\\\/stroyarsenal62.com\\\/fr\\\/\"},{\"@type\":\"ListItem\",\"position\":2,\"name\":\"Am\u00e9nager un stand pour une exposition : conseils et astuces de 5 designers\"}]},{\"@type\":\"WebSite\",\"@id\":\"https:\\\/\\\/stroyarsenal62.com\\\/fr\\\/#website\",\"url\":\"https:\\\/\\\/stroyarsenal62.com\\\/fr\\\/\",\"name\":\"StroyArsenal62.com\",\"description\":\"Tout sur la construction et la r\u00e9novation de A \u00e0 Z\",\"potentialAction\":[{\"@type\":\"SearchAction\",\"target\":{\"@type\":\"EntryPoint\",\"urlTemplate\":\"https:\\\/\\\/stroyarsenal62.com\\\/fr\\\/?s={search_term_string}\"},\"query-input\":{\"@type\":\"PropertyValueSpecification\",\"valueRequired\":true,\"valueName\":\"search_term_string\"}}],\"inLanguage\":\"fr-FR\"},{\"@type\":\"Person\",\"@id\":\"https:\\\/\\\/stroyarsenal62.com\\\/fr\\\/#\\\/schema\\\/person\\\/418cf0762c949466344834a4a5c41fe2\",\"name\":\"Fedor Pavlov\",\"image\":{\"@type\":\"ImageObject\",\"inLanguage\":\"fr-FR\",\"@id\":\"https:\\\/\\\/secure.gravatar.com\\\/avatar\\\/9a824d4c701d200c7a11cf1a335b0ac8d8ea972a160b699581b50aecfcaec866?s=96&d=mm&r=g\",\"url\":\"https:\\\/\\\/secure.gravatar.com\\\/avatar\\\/9a824d4c701d200c7a11cf1a335b0ac8d8ea972a160b699581b50aecfcaec866?s=96&d=mm&r=g\",\"contentUrl\":\"https:\\\/\\\/secure.gravatar.com\\\/avatar\\\/9a824d4c701d200c7a11cf1a335b0ac8d8ea972a160b699581b50aecfcaec866?s=96&d=mm&r=g\",\"caption\":\"Fedor Pavlov\"},\"description\":\"Architecte d'int\u00e9rieur, auteur de livres sur le design r\u00e9sidentiel. Je vous aiderai \u00e0 rendre votre maison non seulement fonctionnelle, mais aussi belle.\",\"url\":\"https:\\\/\\\/stroyarsenal62.com\\\/fr\\\/author\\\/author-publications-fr_3\\\/\"}]}<\/script>\n<!-- \/ Yoast SEO plugin. -->","yoast_head_json":{"title":"Am\u00e9nager un stand pour une exposition : conseils et astuces de 5 designers","description":"D\u00e9couvrez comment am\u00e9nager un stand d&apos;exposition de mani\u00e8re efficace et intelligente ! Conseils pratiques et astuces de 5 designers professionnels, du choix des couleurs \u00e0 l&apos;attraction des visiteurs. Donnez une nouvelle dimension \u00e0 la cr\u00e9ativit\u00e9 de votre stand et d\u00e9marquez-vous de vos concurrents.","robots":{"index":"index","follow":"follow","max-snippet":"max-snippet:-1","max-image-preview":"max-image-preview:large","max-video-preview":"max-video-preview:-1"},"canonical":"https:\/\/stroyarsenal62.com\/fr\/oformljaem-stend-dlja-vystavki-rekomendacii-i\/","og_locale":"fr_FR","og_type":"article","og_title":"Am\u00e9nager un stand pour une exposition : conseils et astuces de 5 designers","og_description":"D\u00e9couvrez comment am\u00e9nager un stand d&apos;exposition de mani\u00e8re efficace et intelligente ! Conseils pratiques et astuces de 5 designers professionnels, du choix des couleurs \u00e0 l&apos;attraction des visiteurs. Donnez une nouvelle dimension \u00e0 la cr\u00e9ativit\u00e9 de votre stand et d\u00e9marquez-vous de vos concurrents.","og_url":"https:\/\/stroyarsenal62.com\/fr\/oformljaem-stend-dlja-vystavki-rekomendacii-i\/","og_site_name":"StroyArsenal62.com","article_published_time":"2026-01-21T20:51:45+00:00","author":"Fedor Pavlov","twitter_card":"summary_large_image","twitter_misc":{"\u00c9crit par":"Fedor Pavlov","Dur\u00e9e de lecture estim\u00e9e":"19 minutes"},"schema":{"@context":"https:\/\/schema.org","@graph":[{"@type":"Article","@id":"https:\/\/stroyarsenal62.com\/fr\/oformljaem-stend-dlja-vystavki-rekomendacii-i\/#article","isPartOf":{"@id":"https:\/\/stroyarsenal62.com\/fr\/oformljaem-stend-dlja-vystavki-rekomendacii-i\/"},"author":{"name":"Fedor Pavlov","@id":"https:\/\/stroyarsenal62.com\/fr\/#\/schema\/person\/418cf0762c949466344834a4a5c41fe2"},"headline":"Am\u00e9nager un stand pour une exposition : conseils et astuces de 5 designers","datePublished":"2026-01-21T20:51:45+00:00","mainEntityOfPage":{"@id":"https:\/\/stroyarsenal62.com\/fr\/oformljaem-stend-dlja-vystavki-rekomendacii-i\/"},"wordCount":3742,"commentCount":0,"articleSection":["Design"],"inLanguage":"fr-FR","potentialAction":[{"@type":"CommentAction","name":"Comment","target":["https:\/\/stroyarsenal62.com\/fr\/oformljaem-stend-dlja-vystavki-rekomendacii-i\/#respond"]}]},{"@type":"WebPage","@id":"https:\/\/stroyarsenal62.com\/fr\/oformljaem-stend-dlja-vystavki-rekomendacii-i\/","url":"https:\/\/stroyarsenal62.com\/fr\/oformljaem-stend-dlja-vystavki-rekomendacii-i\/","name":"Am\u00e9nager un stand pour une exposition : conseils et astuces de 5 designers","isPartOf":{"@id":"https:\/\/stroyarsenal62.com\/fr\/#website"},"datePublished":"2026-01-21T20:51:45+00:00","author":{"@id":"https:\/\/stroyarsenal62.com\/fr\/#\/schema\/person\/418cf0762c949466344834a4a5c41fe2"},"description":"D\u00e9couvrez comment am\u00e9nager un stand d&apos;exposition de mani\u00e8re efficace et intelligente ! Conseils pratiques et astuces de 5 designers professionnels, du choix des couleurs \u00e0 l&apos;attraction des visiteurs. Donnez une nouvelle dimension \u00e0 la cr\u00e9ativit\u00e9 de votre stand et d\u00e9marquez-vous de vos concurrents.","breadcrumb":{"@id":"https:\/\/stroyarsenal62.com\/fr\/oformljaem-stend-dlja-vystavki-rekomendacii-i\/#breadcrumb"},"inLanguage":"fr-FR","potentialAction":[{"@type":"ReadAction","target":["https:\/\/stroyarsenal62.com\/fr\/oformljaem-stend-dlja-vystavki-rekomendacii-i\/"]}]},{"@type":"BreadcrumbList","@id":"https:\/\/stroyarsenal62.com\/fr\/oformljaem-stend-dlja-vystavki-rekomendacii-i\/#breadcrumb","itemListElement":[{"@type":"ListItem","position":1,"name":"Maison","item":"https:\/\/stroyarsenal62.com\/fr\/"},{"@type":"ListItem","position":2,"name":"Am\u00e9nager un stand pour une exposition : conseils et astuces de 5 designers"}]},{"@type":"WebSite","@id":"https:\/\/stroyarsenal62.com\/fr\/#website","url":"https:\/\/stroyarsenal62.com\/fr\/","name":"StroyArsenal62.com","description":"Tout sur la construction et la r\u00e9novation de A \u00e0 Z","potentialAction":[{"@type":"SearchAction","target":{"@type":"EntryPoint","urlTemplate":"https:\/\/stroyarsenal62.com\/fr\/?s={search_term_string}"},"query-input":{"@type":"PropertyValueSpecification","valueRequired":true,"valueName":"search_term_string"}}],"inLanguage":"fr-FR"},{"@type":"Person","@id":"https:\/\/stroyarsenal62.com\/fr\/#\/schema\/person\/418cf0762c949466344834a4a5c41fe2","name":"Fedor Pavlov","image":{"@type":"ImageObject","inLanguage":"fr-FR","@id":"https:\/\/secure.gravatar.com\/avatar\/9a824d4c701d200c7a11cf1a335b0ac8d8ea972a160b699581b50aecfcaec866?s=96&d=mm&r=g","url":"https:\/\/secure.gravatar.com\/avatar\/9a824d4c701d200c7a11cf1a335b0ac8d8ea972a160b699581b50aecfcaec866?s=96&d=mm&r=g","contentUrl":"https:\/\/secure.gravatar.com\/avatar\/9a824d4c701d200c7a11cf1a335b0ac8d8ea972a160b699581b50aecfcaec866?s=96&d=mm&r=g","caption":"Fedor Pavlov"},"description":"Architecte d'int\u00e9rieur, auteur de livres sur le design r\u00e9sidentiel. Je vous aiderai \u00e0 rendre votre maison non seulement fonctionnelle, mais aussi belle.","url":"https:\/\/stroyarsenal62.com\/fr\/author\/author-publications-fr_3\/"}]}},"_links":{"self":[{"href":"https:\/\/stroyarsenal62.com\/fr\/wp-json\/wp\/v2\/posts\/159","targetHints":{"allow":["GET"]}}],"collection":[{"href":"https:\/\/stroyarsenal62.com\/fr\/wp-json\/wp\/v2\/posts"}],"about":[{"href":"https:\/\/stroyarsenal62.com\/fr\/wp-json\/wp\/v2\/types\/post"}],"author":[{"embeddable":true,"href":"https:\/\/stroyarsenal62.com\/fr\/wp-json\/wp\/v2\/users\/56"}],"replies":[{"embeddable":true,"href":"https:\/\/stroyarsenal62.com\/fr\/wp-json\/wp\/v2\/comments?post=159"}],"version-history":[{"count":0,"href":"https:\/\/stroyarsenal62.com\/fr\/wp-json\/wp\/v2\/posts\/159\/revisions"}],"wp:attachment":[{"href":"https:\/\/stroyarsenal62.com\/fr\/wp-json\/wp\/v2\/media?parent=159"}],"wp:term":[{"taxonomy":"category","embeddable":true,"href":"https:\/\/stroyarsenal62.com\/fr\/wp-json\/wp\/v2\/categories?post=159"},{"taxonomy":"post_tag","embeddable":true,"href":"https:\/\/stroyarsenal62.com\/fr\/wp-json\/wp\/v2\/tags?post=159"}],"curies":[{"name":"wp","href":"https:\/\/api.w.org\/{rel}","templated":true}]}}