{"id":958,"date":"2026-01-21T23:51:46","date_gmt":"2026-01-21T20:51:46","guid":{"rendered":"https:\/\/stroyarsenal62.com\/fr\/kak-obustroit-malenkij-sanuzel-proekt-v-stile\/"},"modified":"2026-01-21T23:51:46","modified_gmt":"2026-01-21T20:51:46","slug":"kak-obustroit-malenkij-sanuzel-proekt-v-stile","status":"publish","type":"post","link":"https:\/\/stroyarsenal62.com\/fr\/kak-obustroit-malenkij-sanuzel-proekt-v-stile\/","title":{"rendered":"Comment am\u00e9nager une petite salle de bains : projet de style proven\u00e7al"},"content":{"rendered":"\n<p>Une petite salle de bains semble souvent \u00eatre un probl\u00e8me impossible \u00e0 r\u00e9soudre sans mesures radicales. Mais que se passerait-il si l&apos;on transformait ses d\u00e9fauts en atouts ? Le style proven\u00e7al est id\u00e9al pour cela : il ne n\u00e9cessite pas beaucoup d&apos;espace et son charme r\u00e9side pr\u00e9cis\u00e9ment dans son intimit\u00e9 et son confort.<\/p>\n<p>Imaginez des tons pastel clairs, du bois patin\u00e9 et une lumi\u00e8re douce et diffuse. Ce style apporte une sensation d&apos;espace et de fra\u00eecheur \u00e0 ce petit espace, comme s&apos;il laissait entrer la lumi\u00e8re du soleil du sud de la France dans la pi\u00e8ce. Gr\u00e2ce \u00e0 lui, m\u00eame la salle de bains la plus modeste devient non seulement une pi\u00e8ce fonctionnelle, mais aussi un coin de d\u00e9tente pour l&apos;\u00e2me.<\/p>\n<p>Dans cet article, nous allons examiner les id\u00e9es cl\u00e9s qui vous aideront \u00e0 recr\u00e9er l&apos;atmosph\u00e8re proven\u00e7ale. Nous parlerons du choix de la palette de couleurs, des mat\u00e9riaux, de la plomberie et des accents qui ne voleront pas de pr\u00e9cieux centim\u00e8tres, mais rendront la pi\u00e8ce visuellement plus lumineuse et plus harmonieuse.<\/p>\n<h2>Le client et ses souhaits<\/h2>\n<p>&laquo; Un jeune couple vit dans l&apos;appartement. Ils esp\u00e8rent qu&apos;un b\u00e9b\u00e9 viendra bient\u00f4t les rejoindre. Les clients sont des amateurs du style proven\u00e7al et des int\u00e9rieurs clairs et l\u00e9gers. Ils r\u00eavaient d&apos;une salle de bains fonctionnelle avec un syst\u00e8me de rangement bien pens\u00e9, d\u00e9cor\u00e9e dans la plus pure tradition du sud de la France &raquo;, explique Anna.<\/p>\n<h2>R\u00e9am\u00e9nagement<\/h2>\n<p>Afin d&apos;am\u00e9nager une salle de bain compl\u00e8te et d&apos;y installer une baignoire, la designer a d\u00e9moli la cloison entre la salle de bain et la salle d&apos;eau et a r\u00e9uni les deux pi\u00e8ces. La cloison n&apos;\u00e9tait pas porteuse, il n&apos;y aura donc pas de difficult\u00e9s pour obtenir les autorisations n\u00e9cessaires.<\/p>\n<p>          <img decoding=\"async\" class=\"aligncenter\" src=\"\/wp-content\/uploads\/2026\/01\/kak-obustroit-malenkij-sanuzel-proekt-v-stile_4.jpg\" \/><\/p>\n<h2>Finitions<\/h2>\n<p>Pour cr\u00e9er une ambiance proven\u00e7ale, Anna Teklyuk a mis\u00e9 sur des carreaux imitant un rev\u00eatement mural en planches de bois. Ils sont r\u00e9alis\u00e9s dans une agr\u00e9able gamme de couleurs laiteuses. Associ\u00e9s \u00e0 des carreaux &laquo; cochonnet &raquo; et \u00e0 un enduit relief bleu, ils ont permis d&apos;obtenir l&apos;effet souhait\u00e9 : l&apos;int\u00e9rieur semble lumineux et a\u00e9r\u00e9.  &laquo; Pour que la pi\u00e8ce ne semble pas terne, j&apos;ai tout de m\u00eame utilis\u00e9 des inserts noirs fonc\u00e9s dans le carrelage au sol &raquo;, commente la designer. <\/p>\n<p>Les plafonds ont \u00e9t\u00e9 r\u00e9alis\u00e9s en tendus, une solution tr\u00e8s pratique pour une salle de bains.<\/p>\n<h2>Rangement<\/h2>\n<p>&laquo; Nous avons avanc\u00e9 l\u00e9g\u00e8rement les toilettes et pr\u00e9vu un placard encastr\u00e9 au-dessus de l&apos;installation, ce qui a r\u00e9solu le probl\u00e8me du manque d&apos;espace de rangement. Pour les petits objets, comme les produits cosm\u00e9tiques, nous avons choisi un miroir-placard. Un meuble spacieux a \u00e9t\u00e9 install\u00e9 sous le lavabo &raquo;, explique Anna.<\/p>\n<p>          <img decoding=\"async\" class=\"aligncenter\" src=\"\/wp-content\/uploads\/2026\/01\/kak-obustroit-malenkij-sanuzel-proekt-v-stile_2.jpg\" \/><\/p>\n<h2>Lumi\u00e8re<\/h2>\n<p>L&apos;\u00e9clairage de la salle de bains est assur\u00e9 par des spots encastr\u00e9s en bronze plac\u00e9s au plafond, qui fournissent un \u00e9clairage uniforme. &laquo; Comme la pi\u00e8ce est tr\u00e8s petite, j&apos;ai d\u00e9cid\u00e9 de ne pas cr\u00e9er de sc\u00e9narios d&apos;\u00e9clairage suppl\u00e9mentaires et de me limiter \u00e0 un \u00e9clairage z\u00e9nithal &raquo;, explique Anna.<\/p>\n<h2>Couleur<\/h2>\n<p>Les tons principaux choisis sont le blanc et le lait, une palette caract\u00e9ristique du style proven\u00e7al et id\u00e9ale pour la d\u00e9coration d&apos;une petite salle de bains. \u00c0 ces tons principaux s&apos;ajoute le bleu, la couleur pr\u00e9f\u00e9r\u00e9e de la ma\u00eetresse de maison. Il rafra\u00eechit parfaitement l&apos;int\u00e9rieur, att\u00e9nuant la monotonie des tons clairs.<\/p>\n<p>          <img decoding=\"async\" class=\"aligncenter\" src=\"\/wp-content\/uploads\/2026\/01\/kak-obustroit-malenkij-sanuzel-proekt-v-stile_1.jpg\" \/><\/p>\n<h2>Mobilier et d\u00e9coration<\/h2>\n<p>&laquo; Nous avons choisi les \u00e9quipements sanitaires les plus indispensables : WC, baignoire, robinets, lavabo, tous de la marque Villeroy &amp; Boch. La salle de bains est agr\u00e9ment\u00e9e d&apos;un meuble de la m\u00eame marque, issu de la collection Hommage. Il s&apos;int\u00e8gre parfaitement dans le petit espace entre la baignoire et la cloison &raquo;, explique la designer.<\/p>\n<p>La d\u00e9coration et les textiles de la salle de bain sont de pr\u00e9f\u00e9rence dans des tons neutres. Leur r\u00f4le est de mettre en valeur la beaut\u00e9 des finitions. Un rideau de douche ray\u00e9 clair, des serviettes dans diff\u00e9rentes nuances de gris, des porte-savons, des verres et des porte-brosses \u00e0 dents avec des bordures argent\u00e9es s&apos;int\u00e8grent harmonieusement dans le style choisi.<\/p>\n<h2>Style<\/h2>\n<p>La pi\u00e8ce est d\u00e9cor\u00e9e dans le style proven\u00e7al. On y trouve des tons pastel clairs, des mat\u00e9riaux naturels dans la finition et des meubles et des \u00e9quipements sanitaires de forme classique. &laquo; Simplicit\u00e9 et naturel sans aucune trace d&apos;extravagance : c&apos;est l&apos;effet que nous voulions obtenir. Et nous y sommes parvenus &raquo;, explique Anna.<\/p>\n<p>          <img decoding=\"async\" class=\"aligncenter\" src=\"\/wp-content\/uploads\/2026\/01\/kak-obustroit-malenkij-sanuzel-proekt-v-stile_3.jpg\" \/><\/p>\n<blockquote><p>Une petite salle de bains de style proven\u00e7al est un espace confortable et lumineux avec des \u00e9l\u00e9ments en bois, du carrelage en c\u00e9ramique aux tons pastel et des d\u00e9tails simples mais expressifs tels que des poign\u00e9es en fer forg\u00e9 ou un miroir ancien. L&apos;essentiel est de ne pas surcharger la pi\u00e8ce : choisissez des \u00e9quipements sanitaires compacts, utilisez un fond blanc, beige ou bleu p\u00e2le, et ajoutez du caract\u00e8re au style avec des d\u00e9corations telles que des plantes en pot, des rideaux en coton et des luminaires mats. Le style proven\u00e7al n&apos;est pas synonyme de luxe, mais de chaleur et de naturel, m\u00eame dans les plus petits coins de la maison.<\/p><\/blockquote>\n<h2>Difficult\u00e9s et d\u00e9lais<\/h2>\n<p>&laquo; Comme nous utilisons des carreaux co\u00fbteux, avec des corniches et des plinthes moulur\u00e9es, il sera important de trouver un ouvrier qualifi\u00e9. Il devra soigneusement tracer les angles, traiter les ouvertures pour la plomberie et couper les carreaux \u00e0 45 degr\u00e9s. Ces travaux exigent de la responsabilit\u00e9 et du professionnalisme. En ce qui concerne les d\u00e9lais, deux \u00e0 trois semaines suffisent pour r\u00e9aliser le projet &raquo;, commente le designer.<\/p>\n<p><b>Am\u00e9nagement<\/b><\/p>\n<h2>Conseils aux lecteurs d&apos;InMyRoom : comment cr\u00e9er un int\u00e9rieur similaire<\/h2>\n<ul>\n<li>Choisissez des tons pastel. Ajoutez des \u00e9l\u00e9ments floraux : comme accent dans le carrelage ou comme peinture murale ou sur le textile. Mais le fond de la pi\u00e8ce doit toujours rester clair et uni. <\/li>\n<li>Utilisez des mat\u00e9riaux naturels pour la finition : pl\u00e2tre d\u00e9coratif, bois, carreaux de c\u00e9ramique. \u00c9vitez le plastique et les plaques de pl\u00e2tre. <\/li>\n<li>Le mobilier de salle de bain doit \u00eatre simple. Il peut \u00eatre en osier ou en bois, \u00e9ventuellement avec des \u00e9l\u00e9ments forg\u00e9s. Essayez de le peindre en blanc ou, au contraire, dans une couleur vive, et votre armoire ou votre commode deviendra le point central de la pi\u00e8ce. <\/li>\n<li>Vous pouvez vous laisser aller dans la d\u00e9coration : luminaires, appliques, tableaux aux murs, fleurs s\u00e9ch\u00e9es dans des vases, miroirs. Il est pr\u00e9f\u00e9rable de choisir des textiles simples, par exemple en coton ou en lin. Les motifs peuvent \u00eatre \u00e0 rayures ou sur le th\u00e8me de la mer.\n       <\/li>\n<\/ul>\n<p>Une petite salle de bains et le style proven\u00e7al forment une alliance \u00e9tonnamment r\u00e9ussie. L&apos;id\u00e9e principale est de cr\u00e9er une sensation de lumi\u00e8re, d&apos;air et de chaleur qui agrandit visuellement l&apos;espace. Le secret du succ\u00e8s ne r\u00e9side pas dans la quantit\u00e9 de d\u00e9tails, mais dans leur atmosph\u00e8re et leur organisation bien pens\u00e9e.<\/p>\n<p><iframe loading=\"lazy\" width=\"560\" height=\"315\" src=\"https:\/\/www.youtube.com\/embed\/8DrXqrmwmoE\" frameborder=\"0\" allow=\"autoplay; encrypted-media\" allowfullscreen><\/iframe><\/p>\n<p>Concentrez-vous sur les \u00e9l\u00e9ments cl\u00e9s : une palette de couleurs pastel, des mat\u00e9riaux naturels et quelques touches vintage. Des \u00e9tag\u00e8res ouvertes \u00e0 la place d&apos;armoires encombrantes, un miroir dans un cadre sculpt\u00e9, un panier \u00e0 linge tress\u00e9 : ces petits d\u00e9tails font des merveilles. Ils ajoutent du caract\u00e8re sans encombrer la pi\u00e8ce.<\/p>\n<p>L&apos;essentiel est que vous vous sentiez bien dans ce coin confortable pour commencer et terminer votre journ\u00e9e. Il doit vous procurer une sensation de calme, comme dans un coin de campagne fran\u00e7aise. M\u00eame dans un petit espace, il est possible de cr\u00e9er un lieu avec une \u00e2me, o\u00f9 chaque objet sera agr\u00e9able \u00e0 regarder et servira avec une \u00e9l\u00e9gance pratique.<\/p>\n","protected":false},"excerpt":{"rendered":"<p>Une petite salle de bains semble souvent \u00eatre un probl\u00e8me impossible \u00e0 r\u00e9soudre sans mesures radicales. Mais que se passerait-il si l&apos;on transformait ses d\u00e9fauts en atouts ? Le style proven\u00e7al est id\u00e9al pour cela : il ne n\u00e9cessite pas beaucoup d&apos;espace et son charme r\u00e9side pr\u00e9cis\u00e9ment dans son intimit\u00e9 et son confort. Imaginez des [&hellip;]<\/p>\n","protected":false},"author":56,"featured_media":0,"comment_status":"open","ping_status":"open","sticky":false,"template":"","format":"standard","meta":{"footnotes":""},"categories":[23],"tags":[],"class_list":["post-958","post","type-post","status-publish","format-standard","","category-dizajn"],"yoast_head":"<!-- This site is optimized with the Yoast SEO plugin v28.2 - https:\/\/yoast.com\/product\/yoast-seo-wordpress\/ -->\n<title>projet dans le style proven\u00e7al<\/title>\n<meta name=\"description\" content=\"D\u00e9couvrez comment am\u00e9nager de mani\u00e8re esth\u00e9tique et fonctionnelle une petite salle de bains de style proven\u00e7al ! Conseils pratiques pour l&amp;apos;am\u00e9nagement, le choix du mobilier, les couleurs et la d\u00e9coration : cr\u00e9ez un espace confortable aux accents de la Provence fran\u00e7aise, m\u00eame dans une petite salle de bains. Id\u00e9es de design, photos et astuces pour un confort maximal et un agrandissement visuel de l&amp;apos;espace.\" \/>\n<meta name=\"robots\" content=\"index, follow, max-snippet:-1, max-image-preview:large, max-video-preview:-1\" \/>\n<link rel=\"canonical\" href=\"https:\/\/stroyarsenal62.com\/fr\/kak-obustroit-malenkij-sanuzel-proekt-v-stile\/\" \/>\n<meta property=\"og:locale\" content=\"fr_FR\" \/>\n<meta property=\"og:type\" content=\"article\" \/>\n<meta property=\"og:title\" content=\"projet dans le style proven\u00e7al\" \/>\n<meta property=\"og:description\" content=\"D\u00e9couvrez comment am\u00e9nager de mani\u00e8re esth\u00e9tique et fonctionnelle une petite salle de bains de style proven\u00e7al ! Conseils pratiques pour l&amp;apos;am\u00e9nagement, le choix du mobilier, les couleurs et la d\u00e9coration : cr\u00e9ez un espace confortable aux accents de la Provence fran\u00e7aise, m\u00eame dans une petite salle de bains. Id\u00e9es de design, photos et astuces pour un confort maximal et un agrandissement visuel de l&amp;apos;espace.\" \/>\n<meta property=\"og:url\" content=\"https:\/\/stroyarsenal62.com\/fr\/kak-obustroit-malenkij-sanuzel-proekt-v-stile\/\" \/>\n<meta property=\"og:site_name\" content=\"StroyArsenal62.com\" \/>\n<meta property=\"article:published_time\" content=\"2026-01-21T20:51:46+00:00\" \/>\n<meta name=\"author\" content=\"Fedor Pavlov\" \/>\n<meta name=\"twitter:card\" content=\"summary_large_image\" \/>\n<meta name=\"twitter:label1\" content=\"\u00c9crit par\" \/>\n\t<meta name=\"twitter:data1\" content=\"Fedor Pavlov\" \/>\n\t<meta name=\"twitter:label2\" content=\"Dur\u00e9e de lecture estim\u00e9e\" \/>\n\t<meta name=\"twitter:data2\" content=\"7 minutes\" \/>\n<script type=\"application\/ld+json\" class=\"yoast-schema-graph\">{\"@context\":\"https:\\\/\\\/schema.org\",\"@graph\":[{\"@type\":\"Article\",\"@id\":\"https:\\\/\\\/stroyarsenal62.com\\\/fr\\\/kak-obustroit-malenkij-sanuzel-proekt-v-stile\\\/#article\",\"isPartOf\":{\"@id\":\"https:\\\/\\\/stroyarsenal62.com\\\/fr\\\/kak-obustroit-malenkij-sanuzel-proekt-v-stile\\\/\"},\"author\":{\"name\":\"Fedor Pavlov\",\"@id\":\"https:\\\/\\\/stroyarsenal62.com\\\/fr\\\/#\\\/schema\\\/person\\\/418cf0762c949466344834a4a5c41fe2\"},\"headline\":\"Comment am\u00e9nager une petite salle de bains : projet de style proven\u00e7al\",\"datePublished\":\"2026-01-21T20:51:46+00:00\",\"mainEntityOfPage\":{\"@id\":\"https:\\\/\\\/stroyarsenal62.com\\\/fr\\\/kak-obustroit-malenkij-sanuzel-proekt-v-stile\\\/\"},\"wordCount\":1451,\"commentCount\":0,\"articleSection\":[\"Design\"],\"inLanguage\":\"fr-FR\",\"potentialAction\":[{\"@type\":\"CommentAction\",\"name\":\"Comment\",\"target\":[\"https:\\\/\\\/stroyarsenal62.com\\\/fr\\\/kak-obustroit-malenkij-sanuzel-proekt-v-stile\\\/#respond\"]}]},{\"@type\":\"WebPage\",\"@id\":\"https:\\\/\\\/stroyarsenal62.com\\\/fr\\\/kak-obustroit-malenkij-sanuzel-proekt-v-stile\\\/\",\"url\":\"https:\\\/\\\/stroyarsenal62.com\\\/fr\\\/kak-obustroit-malenkij-sanuzel-proekt-v-stile\\\/\",\"name\":\"projet dans le style proven\u00e7al\",\"isPartOf\":{\"@id\":\"https:\\\/\\\/stroyarsenal62.com\\\/fr\\\/#website\"},\"datePublished\":\"2026-01-21T20:51:46+00:00\",\"author\":{\"@id\":\"https:\\\/\\\/stroyarsenal62.com\\\/fr\\\/#\\\/schema\\\/person\\\/418cf0762c949466344834a4a5c41fe2\"},\"description\":\"D\u00e9couvrez comment am\u00e9nager de mani\u00e8re esth\u00e9tique et fonctionnelle une petite salle de bains de style proven\u00e7al ! Conseils pratiques pour l&apos;am\u00e9nagement, le choix du mobilier, les couleurs et la d\u00e9coration : cr\u00e9ez un espace confortable aux accents de la Provence fran\u00e7aise, m\u00eame dans une petite salle de bains. Id\u00e9es de design, photos et astuces pour un confort maximal et un agrandissement visuel de l&apos;espace.\",\"breadcrumb\":{\"@id\":\"https:\\\/\\\/stroyarsenal62.com\\\/fr\\\/kak-obustroit-malenkij-sanuzel-proekt-v-stile\\\/#breadcrumb\"},\"inLanguage\":\"fr-FR\",\"potentialAction\":[{\"@type\":\"ReadAction\",\"target\":[\"https:\\\/\\\/stroyarsenal62.com\\\/fr\\\/kak-obustroit-malenkij-sanuzel-proekt-v-stile\\\/\"]}]},{\"@type\":\"BreadcrumbList\",\"@id\":\"https:\\\/\\\/stroyarsenal62.com\\\/fr\\\/kak-obustroit-malenkij-sanuzel-proekt-v-stile\\\/#breadcrumb\",\"itemListElement\":[{\"@type\":\"ListItem\",\"position\":1,\"name\":\"Maison\",\"item\":\"https:\\\/\\\/stroyarsenal62.com\\\/fr\\\/\"},{\"@type\":\"ListItem\",\"position\":2,\"name\":\"Comment am\u00e9nager une petite salle de bains : projet de style proven\u00e7al\"}]},{\"@type\":\"WebSite\",\"@id\":\"https:\\\/\\\/stroyarsenal62.com\\\/fr\\\/#website\",\"url\":\"https:\\\/\\\/stroyarsenal62.com\\\/fr\\\/\",\"name\":\"StroyArsenal62.com\",\"description\":\"Tout sur la construction et la r\u00e9novation de A \u00e0 Z\",\"potentialAction\":[{\"@type\":\"SearchAction\",\"target\":{\"@type\":\"EntryPoint\",\"urlTemplate\":\"https:\\\/\\\/stroyarsenal62.com\\\/fr\\\/?s={search_term_string}\"},\"query-input\":{\"@type\":\"PropertyValueSpecification\",\"valueRequired\":true,\"valueName\":\"search_term_string\"}}],\"inLanguage\":\"fr-FR\"},{\"@type\":\"Person\",\"@id\":\"https:\\\/\\\/stroyarsenal62.com\\\/fr\\\/#\\\/schema\\\/person\\\/418cf0762c949466344834a4a5c41fe2\",\"name\":\"Fedor Pavlov\",\"image\":{\"@type\":\"ImageObject\",\"inLanguage\":\"fr-FR\",\"@id\":\"https:\\\/\\\/secure.gravatar.com\\\/avatar\\\/9a824d4c701d200c7a11cf1a335b0ac8d8ea972a160b699581b50aecfcaec866?s=96&d=mm&r=g\",\"url\":\"https:\\\/\\\/secure.gravatar.com\\\/avatar\\\/9a824d4c701d200c7a11cf1a335b0ac8d8ea972a160b699581b50aecfcaec866?s=96&d=mm&r=g\",\"contentUrl\":\"https:\\\/\\\/secure.gravatar.com\\\/avatar\\\/9a824d4c701d200c7a11cf1a335b0ac8d8ea972a160b699581b50aecfcaec866?s=96&d=mm&r=g\",\"caption\":\"Fedor Pavlov\"},\"description\":\"Architecte d'int\u00e9rieur, auteur de livres sur le design r\u00e9sidentiel. Je vous aiderai \u00e0 rendre votre maison non seulement fonctionnelle, mais aussi belle.\",\"url\":\"https:\\\/\\\/stroyarsenal62.com\\\/fr\\\/author\\\/author-publications-fr_3\\\/\"}]}<\/script>\n<!-- \/ Yoast SEO plugin. -->","yoast_head_json":{"title":"projet dans le style proven\u00e7al","description":"D\u00e9couvrez comment am\u00e9nager de mani\u00e8re esth\u00e9tique et fonctionnelle une petite salle de bains de style proven\u00e7al ! Conseils pratiques pour l&apos;am\u00e9nagement, le choix du mobilier, les couleurs et la d\u00e9coration : cr\u00e9ez un espace confortable aux accents de la Provence fran\u00e7aise, m\u00eame dans une petite salle de bains. Id\u00e9es de design, photos et astuces pour un confort maximal et un agrandissement visuel de l&apos;espace.","robots":{"index":"index","follow":"follow","max-snippet":"max-snippet:-1","max-image-preview":"max-image-preview:large","max-video-preview":"max-video-preview:-1"},"canonical":"https:\/\/stroyarsenal62.com\/fr\/kak-obustroit-malenkij-sanuzel-proekt-v-stile\/","og_locale":"fr_FR","og_type":"article","og_title":"projet dans le style proven\u00e7al","og_description":"D\u00e9couvrez comment am\u00e9nager de mani\u00e8re esth\u00e9tique et fonctionnelle une petite salle de bains de style proven\u00e7al ! Conseils pratiques pour l&apos;am\u00e9nagement, le choix du mobilier, les couleurs et la d\u00e9coration : cr\u00e9ez un espace confortable aux accents de la Provence fran\u00e7aise, m\u00eame dans une petite salle de bains. Id\u00e9es de design, photos et astuces pour un confort maximal et un agrandissement visuel de l&apos;espace.","og_url":"https:\/\/stroyarsenal62.com\/fr\/kak-obustroit-malenkij-sanuzel-proekt-v-stile\/","og_site_name":"StroyArsenal62.com","article_published_time":"2026-01-21T20:51:46+00:00","author":"Fedor Pavlov","twitter_card":"summary_large_image","twitter_misc":{"\u00c9crit par":"Fedor Pavlov","Dur\u00e9e de lecture estim\u00e9e":"7 minutes"},"schema":{"@context":"https:\/\/schema.org","@graph":[{"@type":"Article","@id":"https:\/\/stroyarsenal62.com\/fr\/kak-obustroit-malenkij-sanuzel-proekt-v-stile\/#article","isPartOf":{"@id":"https:\/\/stroyarsenal62.com\/fr\/kak-obustroit-malenkij-sanuzel-proekt-v-stile\/"},"author":{"name":"Fedor Pavlov","@id":"https:\/\/stroyarsenal62.com\/fr\/#\/schema\/person\/418cf0762c949466344834a4a5c41fe2"},"headline":"Comment am\u00e9nager une petite salle de bains : projet de style proven\u00e7al","datePublished":"2026-01-21T20:51:46+00:00","mainEntityOfPage":{"@id":"https:\/\/stroyarsenal62.com\/fr\/kak-obustroit-malenkij-sanuzel-proekt-v-stile\/"},"wordCount":1451,"commentCount":0,"articleSection":["Design"],"inLanguage":"fr-FR","potentialAction":[{"@type":"CommentAction","name":"Comment","target":["https:\/\/stroyarsenal62.com\/fr\/kak-obustroit-malenkij-sanuzel-proekt-v-stile\/#respond"]}]},{"@type":"WebPage","@id":"https:\/\/stroyarsenal62.com\/fr\/kak-obustroit-malenkij-sanuzel-proekt-v-stile\/","url":"https:\/\/stroyarsenal62.com\/fr\/kak-obustroit-malenkij-sanuzel-proekt-v-stile\/","name":"projet dans le style proven\u00e7al","isPartOf":{"@id":"https:\/\/stroyarsenal62.com\/fr\/#website"},"datePublished":"2026-01-21T20:51:46+00:00","author":{"@id":"https:\/\/stroyarsenal62.com\/fr\/#\/schema\/person\/418cf0762c949466344834a4a5c41fe2"},"description":"D\u00e9couvrez comment am\u00e9nager de mani\u00e8re esth\u00e9tique et fonctionnelle une petite salle de bains de style proven\u00e7al ! Conseils pratiques pour l&apos;am\u00e9nagement, le choix du mobilier, les couleurs et la d\u00e9coration : cr\u00e9ez un espace confortable aux accents de la Provence fran\u00e7aise, m\u00eame dans une petite salle de bains. Id\u00e9es de design, photos et astuces pour un confort maximal et un agrandissement visuel de l&apos;espace.","breadcrumb":{"@id":"https:\/\/stroyarsenal62.com\/fr\/kak-obustroit-malenkij-sanuzel-proekt-v-stile\/#breadcrumb"},"inLanguage":"fr-FR","potentialAction":[{"@type":"ReadAction","target":["https:\/\/stroyarsenal62.com\/fr\/kak-obustroit-malenkij-sanuzel-proekt-v-stile\/"]}]},{"@type":"BreadcrumbList","@id":"https:\/\/stroyarsenal62.com\/fr\/kak-obustroit-malenkij-sanuzel-proekt-v-stile\/#breadcrumb","itemListElement":[{"@type":"ListItem","position":1,"name":"Maison","item":"https:\/\/stroyarsenal62.com\/fr\/"},{"@type":"ListItem","position":2,"name":"Comment am\u00e9nager une petite salle de bains : projet de style proven\u00e7al"}]},{"@type":"WebSite","@id":"https:\/\/stroyarsenal62.com\/fr\/#website","url":"https:\/\/stroyarsenal62.com\/fr\/","name":"StroyArsenal62.com","description":"Tout sur la construction et la r\u00e9novation de A \u00e0 Z","potentialAction":[{"@type":"SearchAction","target":{"@type":"EntryPoint","urlTemplate":"https:\/\/stroyarsenal62.com\/fr\/?s={search_term_string}"},"query-input":{"@type":"PropertyValueSpecification","valueRequired":true,"valueName":"search_term_string"}}],"inLanguage":"fr-FR"},{"@type":"Person","@id":"https:\/\/stroyarsenal62.com\/fr\/#\/schema\/person\/418cf0762c949466344834a4a5c41fe2","name":"Fedor Pavlov","image":{"@type":"ImageObject","inLanguage":"fr-FR","@id":"https:\/\/secure.gravatar.com\/avatar\/9a824d4c701d200c7a11cf1a335b0ac8d8ea972a160b699581b50aecfcaec866?s=96&d=mm&r=g","url":"https:\/\/secure.gravatar.com\/avatar\/9a824d4c701d200c7a11cf1a335b0ac8d8ea972a160b699581b50aecfcaec866?s=96&d=mm&r=g","contentUrl":"https:\/\/secure.gravatar.com\/avatar\/9a824d4c701d200c7a11cf1a335b0ac8d8ea972a160b699581b50aecfcaec866?s=96&d=mm&r=g","caption":"Fedor Pavlov"},"description":"Architecte d'int\u00e9rieur, auteur de livres sur le design r\u00e9sidentiel. Je vous aiderai \u00e0 rendre votre maison non seulement fonctionnelle, mais aussi belle.","url":"https:\/\/stroyarsenal62.com\/fr\/author\/author-publications-fr_3\/"}]}},"_links":{"self":[{"href":"https:\/\/stroyarsenal62.com\/fr\/wp-json\/wp\/v2\/posts\/958","targetHints":{"allow":["GET"]}}],"collection":[{"href":"https:\/\/stroyarsenal62.com\/fr\/wp-json\/wp\/v2\/posts"}],"about":[{"href":"https:\/\/stroyarsenal62.com\/fr\/wp-json\/wp\/v2\/types\/post"}],"author":[{"embeddable":true,"href":"https:\/\/stroyarsenal62.com\/fr\/wp-json\/wp\/v2\/users\/56"}],"replies":[{"embeddable":true,"href":"https:\/\/stroyarsenal62.com\/fr\/wp-json\/wp\/v2\/comments?post=958"}],"version-history":[{"count":0,"href":"https:\/\/stroyarsenal62.com\/fr\/wp-json\/wp\/v2\/posts\/958\/revisions"}],"wp:attachment":[{"href":"https:\/\/stroyarsenal62.com\/fr\/wp-json\/wp\/v2\/media?parent=958"}],"wp:term":[{"taxonomy":"category","embeddable":true,"href":"https:\/\/stroyarsenal62.com\/fr\/wp-json\/wp\/v2\/categories?post=958"},{"taxonomy":"post_tag","embeddable":true,"href":"https:\/\/stroyarsenal62.com\/fr\/wp-json\/wp\/v2\/tags?post=958"}],"curies":[{"name":"wp","href":"https:\/\/api.w.org\/{rel}","templated":true}]}}