{"id":129,"date":"2026-01-21T23:51:45","date_gmt":"2026-01-21T20:51:45","guid":{"rendered":"https:\/\/stroyarsenal62.com\/it\/triennale-v-milane-muzej-dizajna-la-triennale-di\/"},"modified":"2026-01-21T23:51:45","modified_gmt":"2026-01-21T20:51:45","slug":"triennale-v-milane-muzej-dizajna-la-triennale-di","status":"publish","type":"post","link":"https:\/\/stroyarsenal62.com\/it\/triennale-v-milane-muzej-dizajna-la-triennale-di\/","title":{"rendered":"Triennale di Milano. Museo del Design"},"content":{"rendered":"\n<p>A Milano, centro mondiale della moda e del design, c&apos;\u00e8 un luogo speciale dove questi concetti vengono approfonditi in modo pi\u00f9 serio e approfondito. Si tratta del Triennale, non solo un museo, ma un intero istituto culturale con una ricchissima storia. Le sue sale espositive, situate in un elegante palazzo nel Parco Sempione, sono da decenni un luogo di incontro per idee audaci e dialoghi sul futuro.<\/p>\n<p>Il cuore della Triennale \u00e8 giustamente considerato il Museo del Design. A differenza di molti altri, la sua collezione non \u00e8 statica. Viene costantemente aggiornata, offrendo una visione nuova della storia degli oggetti che ci circondano. Qui non vengono esposti solo capolavori italiani cult, ma viene raccontata anche la storia internazionale del design nella sua interezza.<\/p>\n<p>Il nostro piccolo viaggio attraverso gli accoglienti interni delle case di campagna \u00e8 giunto al termine. Speriamo che questi dieci esempi vi abbiano dimostrato che la cosa pi\u00f9 importante in una casa di campagna non \u00e8 una ristrutturazione costosa, ma l&apos;atmosfera creata dalle storie personali, dai ricordi affettuosi e dagli oggetti preferiti.<\/p>\n<p>Per i clienti che amano fuggire dalla citt\u00e0 per immergersi nella natura, la designer Ksenia Naletova ha ideato una casa di campagna realizzata con container marittimi. Il risultato \u00e8 una struttura con finestre e porte panoramiche e una comoda disposizione interna. Su una superficie di 60 metri quadrati sono stati ricavati una cucina-soggiorno, una camera da letto padronale, una camera per gli ospiti e un bagno. Inoltre, \u00e8 stato realizzato un laboratorio separato nella stanza adiacente alla camera da letto. Per creare atmosfera e calore \u00e8 stato progettato un caminetto: i proprietari preferiscono ammirare le fiamme piuttosto che guardare la televisione. Consiglio<\/p>\n<h3>Una bella casa di campagna a due piani vicino a San Pietroburgo<\/h3>\n<p>     <img decoding=\"async\" class=\"aligncenter\" src=\"\/wp-content\/uploads\/2026\/01\/triennale-v-milane-muzej-dizajna-la-triennale-di_1.jpg\" \/><\/p>\n<p>Indirizzo e informazioni di riferimento: Triennale Viale Alemagna, 6, 20121 \u2014 Milano, Italia Tel.:+39 02 724341 Fax: + 39 02 8900525<\/p>\n<p>     Come arrivare: metropolitana MM1 e MM2, fermata Cadorna &#8211; Triennale; autobus linea 61, fermata Triennale\n     <\/p>\n<p><iframe loading=\"lazy\" width=\"560\" height=\"315\" src=\"https:\/\/www.youtube.com\/embed\/Mmiu0fbJSfo\" frameborder=\"0\" allow=\"autoplay; encrypted-media\" allowfullscreen><\/iframe><\/p>\n<p>Email: info@triennale.it<\/p>\n<p>    Guarda il progetto completo<\/p>\n<p>    Costo: Adulti 8 euro, Ridotto 6 euro Studenti, visitatori fino a 26 anni, oltre i 65 anni &#8211; ingresso gratuito Biglietto intero 5 euro Gruppi di oltre 15 persone 5 euro Il biglietto gratuito \u00e8 rilasciato a un bambino fino a 14 anni accompagnato da adulti membri della famiglia<\/p>\n<h3>Nella foto: mappa.<\/h3>\n<p>Lo spazio espositivo contemporaneo della Triennale \u00e8 un complesso di diversi edifici in varie parti d&apos;Italia e del mondo.<\/p>\n<p>Il principale  \u2014 Palazzo delle Arti \u2014 fu costruito dall&apos;architetto milanese Giovanni Muzio nel 1931-1933. Si presenta come un &ldquo;contenitore&rdquo; con numerose sezioni; \u00e8 stato pi\u00f9 volte ristrutturato da Gae Aulenti e Michele de Lucchi (Michele de Lucchi). Attualmente \u00e8 l&apos;edificio principale con sale espositive al primo piano; oltre all&apos;esposizione principale, ospita il Laboratorio di Achille Castiglioni, un piccolo laboratorio aperto dopo la morte del designer nel 2002, e il Museo del Design, di cui parleremo pi\u00f9 dettagliatamente.<\/p>\n<p>Il primo e unico museo del design in Italia, il pi\u00f9 giovane museo del design al mondo, \u00e8 stato inaugurato il 6 dicembre 2007 come parte della Triennale. L&apos;edificio \u00e8 stato progettato dall&apos;architetto Michele de Lucchi e costruito in parte all&apos;interno dell&apos;edificio della Triennale. L&apos;esposizione \u00e8 dedicata alla storia del design italiano. Gli organizzatori del museo prevedono di cambiare ogni sei mesi non l&apos;intera esposizione, ma il modo di presentare il materiale.<\/p>\n<p>     <img decoding=\"async\" class=\"aligncenter\" src=\"\/wp-content\/uploads\/2026\/01\/triennale-v-milane-muzej-dizajna-la-triennale-di_2.jpg\" \/><\/p>\n<p>Museo-laboratorio Achille Castiglione: Piazza Castello 27 Tel. + 39 02 805 36 06 Tel.: + 39 02 724 34 231<\/p>\n<p>     Email: achillecastiglioni@triennale.it; collezione.design@triennale.it<\/p>\n<p><iframe loading=\"lazy\" width=\"560\" height=\"315\" src=\"https:\/\/www.youtube.com\/embed\/ovwaF6L-6Sw\" frameborder=\"0\" allow=\"autoplay; encrypted-media\" allowfullscreen><\/iframe><\/p>\n<p>    Orari di apertura: luned\u00ec chiuso; marted\u00ec-sabato alle 10.00; 11.00; 12.00 (visita di 1 ora con guida gratuita).<\/p>\n<blockquote><p>La Triennale di Milano \u00e8 uno degli eventi pi\u00f9 importanti nel mondo del design e si svolge nel famoso Museo del Design di Milano. Qui si riuniscono le migliori idee, i migliori progetti e i migliori creativi di tutto il mondo per mostrare come il design influenzi la nostra vita quotidiana, la nostra cultura e il nostro futuro. Non \u00e8 solo una mostra, ma uno spazio vivo di discussione, scoperta e ispirazione, dove il passato, il presente e il futuro del design si intrecciano in un unico luogo.<\/p><\/blockquote>\n<h3>Nella foto: mappa.<\/h3>\n<p>Triennale Bovisa Bovisa \u00e8 un quartiere di Milano circondato su tutti i lati da binari ferroviari. Negli anni &apos;60, il quartiere Bovisa era uno dei simboli dello sviluppo industriale di Milano. L&apos;edificio \u00e8 stato progettato dall&apos;architetto Pierluigi Cerri e inaugurato nel 2006. L&apos;edificio \u00e8 stato creato per ospitare grandi mostre e concerti ed \u00e8 specializzato nell&apos;esposizione di arte contemporanea.<\/p>\n<p>Triennale Off Si tratta di alcune sedi espositive fuori Milano, ma comunque in Italia, che fanno capo alla Triennale di Milano.<\/p>\n<p>ProgettoContemporaneo (Venezia) propone due mostre all&apos;anno, durante le quali gli autori delle opere terranno seminari, conferenze ed escursioni, anche su temi indipendenti.<\/p>\n<p><iframe loading=\"lazy\" width=\"560\" height=\"315\" src=\"https:\/\/www.youtube.com\/embed\/0NskDlnI6D8\" frameborder=\"0\" allow=\"autoplay; encrypted-media\" allowfullscreen><\/iframe><\/p>\n<p>La Galleria Expa (Palermo) si trova nelle antiche scuderie di Palazzo Cefal\u00e0, nel centro storico del quartiere La Kalsa, ed \u00e8 dedicata alle mostre temporanee. Triennale di Tokyo (Triennale a Tokyo)<\/p>\n<p>     <img decoding=\"async\" class=\"aligncenter\" src=\"\/wp-content\/uploads\/2026\/01\/triennale-v-milane-muzej-dizajna-la-triennale-di_3.jpg\" \/><\/p>\n<p>Triennale Bovisa: Via Lambruschini 31, 20156 Milano tel.: +39 02 36 577801<\/p>\n<p>     Come arrivare: Metropolitana MM1 e MM2 Cadorna &#8211; Stazione della metropolitana Triennale, linea autobus 61 (Triennale)<\/p>\n<p>     Orario di apertura: da marted\u00ec a domenica: dalle 11:00 alle 23:00<\/p>\n<p>La Triennale di Milano \u00e8 molto pi\u00f9 di un semplice museo. \u00c8 un centro vivace che attira tutti coloro che sono interessati all&apos;evoluzione e al futuro del design, dell&apos;architettura e dell&apos;arte. Qui non si limita a conservare la storia, ma dialoga costantemente con essa attraverso nuove mostre, eventi ed esperimenti.<\/p>\n<p>Il Museo del Design offre l&apos;opportunit\u00e0 unica di seguire l&apos;evoluzione dei nostri oggetti, degli interni e della vita quotidiana nel corso dell&apos;ultimo secolo. Ogni oggetto esposto racconta la sua storia sul tempo, sulle tecnologie e sul pensiero delle persone che lo hanno creato.<\/p>\n<p><iframe loading=\"lazy\" width=\"560\" height=\"315\" src=\"https:\/\/www.youtube.com\/embed\/GzVtSOTIB2c\" frameborder=\"0\" allow=\"autoplay; encrypted-media\" allowfullscreen><\/iframe><\/p>\n<p>Visitare questo luogo \u00e8 un&apos;occasione non solo per vedere oggetti iconici, ma anche per percepire lo spirito del design italiano e mondiale. Mostra come le idee e il pensiero creativo siano in grado di plasmare il mondo che ci circonda, rendendolo pi\u00f9 confortevole, bello e significativo.<\/p>\n","protected":false},"excerpt":{"rendered":"<p>A Milano, centro mondiale della moda e del design, c&apos;\u00e8 un luogo speciale dove questi concetti vengono approfonditi in modo pi\u00f9 serio e approfondito. Si tratta del Triennale, non solo un museo, ma un intero istituto culturale con una ricchissima storia. Le sue sale espositive, situate in un elegante palazzo nel Parco Sempione, sono da [&hellip;]<\/p>\n","protected":false},"author":52,"featured_media":0,"comment_status":"open","ping_status":"open","sticky":false,"template":"","format":"standard","meta":{"footnotes":""},"categories":[23],"tags":[],"class_list":["post-129","post","type-post","status-publish","format-standard","","category-dizajn"],"yoast_head":"<!-- This site is optimized with the Yoast SEO plugin v28.2 - https:\/\/yoast.com\/product\/yoast-seo-wordpress\/ -->\n<title>Triennale: Cos&amp;apos;\u00e8 una triennale?<\/title>\n<meta name=\"description\" content=\"Uno spazio espositivo e un&amp;apos;istituzione culturale allo stesso tempo.\" \/>\n<meta name=\"robots\" content=\"index, follow, max-snippet:-1, max-image-preview:large, max-video-preview:-1\" \/>\n<link rel=\"canonical\" href=\"https:\/\/stroyarsenal62.com\/it\/triennale-v-milane-muzej-dizajna-la-triennale-di\/\" \/>\n<meta property=\"og:locale\" content=\"it_IT\" \/>\n<meta property=\"og:type\" content=\"article\" \/>\n<meta property=\"og:title\" content=\"Triennale: Cos&amp;apos;\u00e8 una triennale?\" \/>\n<meta property=\"og:description\" content=\"Uno spazio espositivo e un&amp;apos;istituzione culturale allo stesso tempo.\" \/>\n<meta property=\"og:url\" content=\"https:\/\/stroyarsenal62.com\/it\/triennale-v-milane-muzej-dizajna-la-triennale-di\/\" \/>\n<meta property=\"og:site_name\" content=\"StroyArsenal62.com\" \/>\n<meta property=\"article:published_time\" content=\"2026-01-21T20:51:45+00:00\" \/>\n<meta name=\"author\" content=\"Fedor Pavlov\" \/>\n<meta name=\"twitter:card\" content=\"summary_large_image\" \/>\n<meta name=\"twitter:label1\" content=\"Scritto da\" \/>\n\t<meta name=\"twitter:data1\" content=\"Fedor Pavlov\" \/>\n\t<meta name=\"twitter:label2\" content=\"Tempo di lettura stimato\" \/>\n\t<meta name=\"twitter:data2\" content=\"5 minuti\" \/>\n<script type=\"application\/ld+json\" class=\"yoast-schema-graph\">{\"@context\":\"https:\\\/\\\/schema.org\",\"@graph\":[{\"@type\":\"Article\",\"@id\":\"https:\\\/\\\/stroyarsenal62.com\\\/it\\\/triennale-v-milane-muzej-dizajna-la-triennale-di\\\/#article\",\"isPartOf\":{\"@id\":\"https:\\\/\\\/stroyarsenal62.com\\\/it\\\/triennale-v-milane-muzej-dizajna-la-triennale-di\\\/\"},\"author\":{\"name\":\"Fedor Pavlov\",\"@id\":\"https:\\\/\\\/stroyarsenal62.com\\\/it\\\/#\\\/schema\\\/person\\\/b0e49e560f92df02477342a418056e48\"},\"headline\":\"Triennale di Milano. Museo del Design\",\"datePublished\":\"2026-01-21T20:51:45+00:00\",\"mainEntityOfPage\":{\"@id\":\"https:\\\/\\\/stroyarsenal62.com\\\/it\\\/triennale-v-milane-muzej-dizajna-la-triennale-di\\\/\"},\"wordCount\":982,\"commentCount\":0,\"articleSection\":[\"Progetto\"],\"inLanguage\":\"it-IT\",\"potentialAction\":[{\"@type\":\"CommentAction\",\"name\":\"Comment\",\"target\":[\"https:\\\/\\\/stroyarsenal62.com\\\/it\\\/triennale-v-milane-muzej-dizajna-la-triennale-di\\\/#respond\"]}]},{\"@type\":\"WebPage\",\"@id\":\"https:\\\/\\\/stroyarsenal62.com\\\/it\\\/triennale-v-milane-muzej-dizajna-la-triennale-di\\\/\",\"url\":\"https:\\\/\\\/stroyarsenal62.com\\\/it\\\/triennale-v-milane-muzej-dizajna-la-triennale-di\\\/\",\"name\":\"Triennale: Cos&apos;\u00e8 una triennale?\",\"isPartOf\":{\"@id\":\"https:\\\/\\\/stroyarsenal62.com\\\/it\\\/#website\"},\"datePublished\":\"2026-01-21T20:51:45+00:00\",\"author\":{\"@id\":\"https:\\\/\\\/stroyarsenal62.com\\\/it\\\/#\\\/schema\\\/person\\\/b0e49e560f92df02477342a418056e48\"},\"description\":\"Uno spazio espositivo e un&apos;istituzione culturale allo stesso tempo.\",\"breadcrumb\":{\"@id\":\"https:\\\/\\\/stroyarsenal62.com\\\/it\\\/triennale-v-milane-muzej-dizajna-la-triennale-di\\\/#breadcrumb\"},\"inLanguage\":\"it-IT\",\"potentialAction\":[{\"@type\":\"ReadAction\",\"target\":[\"https:\\\/\\\/stroyarsenal62.com\\\/it\\\/triennale-v-milane-muzej-dizajna-la-triennale-di\\\/\"]}]},{\"@type\":\"BreadcrumbList\",\"@id\":\"https:\\\/\\\/stroyarsenal62.com\\\/it\\\/triennale-v-milane-muzej-dizajna-la-triennale-di\\\/#breadcrumb\",\"itemListElement\":[{\"@type\":\"ListItem\",\"position\":1,\"name\":\"Casa\",\"item\":\"https:\\\/\\\/stroyarsenal62.com\\\/it\\\/\"},{\"@type\":\"ListItem\",\"position\":2,\"name\":\"Triennale di Milano. Museo del Design\"}]},{\"@type\":\"WebSite\",\"@id\":\"https:\\\/\\\/stroyarsenal62.com\\\/it\\\/#website\",\"url\":\"https:\\\/\\\/stroyarsenal62.com\\\/it\\\/\",\"name\":\"StroyArsenal62.com\",\"description\":\"Tutto su costruzioni e ristrutturazioni dalla A alla Z\",\"potentialAction\":[{\"@type\":\"SearchAction\",\"target\":{\"@type\":\"EntryPoint\",\"urlTemplate\":\"https:\\\/\\\/stroyarsenal62.com\\\/it\\\/?s={search_term_string}\"},\"query-input\":{\"@type\":\"PropertyValueSpecification\",\"valueRequired\":true,\"valueName\":\"search_term_string\"}}],\"inLanguage\":\"it-IT\"},{\"@type\":\"Person\",\"@id\":\"https:\\\/\\\/stroyarsenal62.com\\\/it\\\/#\\\/schema\\\/person\\\/b0e49e560f92df02477342a418056e48\",\"name\":\"Fedor Pavlov\",\"image\":{\"@type\":\"ImageObject\",\"inLanguage\":\"it-IT\",\"@id\":\"https:\\\/\\\/secure.gravatar.com\\\/avatar\\\/fb8483b4f02ababeab45b1140bf1301dc6e476c3d730648f4f4c16e927f86d2a?s=96&d=mm&r=g\",\"url\":\"https:\\\/\\\/secure.gravatar.com\\\/avatar\\\/fb8483b4f02ababeab45b1140bf1301dc6e476c3d730648f4f4c16e927f86d2a?s=96&d=mm&r=g\",\"contentUrl\":\"https:\\\/\\\/secure.gravatar.com\\\/avatar\\\/fb8483b4f02ababeab45b1140bf1301dc6e476c3d730648f4f4c16e927f86d2a?s=96&d=mm&r=g\",\"caption\":\"Fedor Pavlov\"},\"description\":\"Interior designer, autore di libri sul design residenziale. Vi aiuter\u00f2 a rendere la vostra casa non solo funzionale, ma anche bella.\",\"url\":\"https:\\\/\\\/stroyarsenal62.com\\\/it\\\/author\\\/author-publications-it_3\\\/\"}]}<\/script>\n<!-- \/ Yoast SEO plugin. -->","yoast_head_json":{"title":"Triennale: Cos&apos;\u00e8 una triennale?","description":"Uno spazio espositivo e un&apos;istituzione culturale allo stesso tempo.","robots":{"index":"index","follow":"follow","max-snippet":"max-snippet:-1","max-image-preview":"max-image-preview:large","max-video-preview":"max-video-preview:-1"},"canonical":"https:\/\/stroyarsenal62.com\/it\/triennale-v-milane-muzej-dizajna-la-triennale-di\/","og_locale":"it_IT","og_type":"article","og_title":"Triennale: Cos&apos;\u00e8 una triennale?","og_description":"Uno spazio espositivo e un&apos;istituzione culturale allo stesso tempo.","og_url":"https:\/\/stroyarsenal62.com\/it\/triennale-v-milane-muzej-dizajna-la-triennale-di\/","og_site_name":"StroyArsenal62.com","article_published_time":"2026-01-21T20:51:45+00:00","author":"Fedor Pavlov","twitter_card":"summary_large_image","twitter_misc":{"Scritto da":"Fedor Pavlov","Tempo di lettura stimato":"5 minuti"},"schema":{"@context":"https:\/\/schema.org","@graph":[{"@type":"Article","@id":"https:\/\/stroyarsenal62.com\/it\/triennale-v-milane-muzej-dizajna-la-triennale-di\/#article","isPartOf":{"@id":"https:\/\/stroyarsenal62.com\/it\/triennale-v-milane-muzej-dizajna-la-triennale-di\/"},"author":{"name":"Fedor Pavlov","@id":"https:\/\/stroyarsenal62.com\/it\/#\/schema\/person\/b0e49e560f92df02477342a418056e48"},"headline":"Triennale di Milano. Museo del Design","datePublished":"2026-01-21T20:51:45+00:00","mainEntityOfPage":{"@id":"https:\/\/stroyarsenal62.com\/it\/triennale-v-milane-muzej-dizajna-la-triennale-di\/"},"wordCount":982,"commentCount":0,"articleSection":["Progetto"],"inLanguage":"it-IT","potentialAction":[{"@type":"CommentAction","name":"Comment","target":["https:\/\/stroyarsenal62.com\/it\/triennale-v-milane-muzej-dizajna-la-triennale-di\/#respond"]}]},{"@type":"WebPage","@id":"https:\/\/stroyarsenal62.com\/it\/triennale-v-milane-muzej-dizajna-la-triennale-di\/","url":"https:\/\/stroyarsenal62.com\/it\/triennale-v-milane-muzej-dizajna-la-triennale-di\/","name":"Triennale: Cos&apos;\u00e8 una triennale?","isPartOf":{"@id":"https:\/\/stroyarsenal62.com\/it\/#website"},"datePublished":"2026-01-21T20:51:45+00:00","author":{"@id":"https:\/\/stroyarsenal62.com\/it\/#\/schema\/person\/b0e49e560f92df02477342a418056e48"},"description":"Uno spazio espositivo e un&apos;istituzione culturale allo stesso tempo.","breadcrumb":{"@id":"https:\/\/stroyarsenal62.com\/it\/triennale-v-milane-muzej-dizajna-la-triennale-di\/#breadcrumb"},"inLanguage":"it-IT","potentialAction":[{"@type":"ReadAction","target":["https:\/\/stroyarsenal62.com\/it\/triennale-v-milane-muzej-dizajna-la-triennale-di\/"]}]},{"@type":"BreadcrumbList","@id":"https:\/\/stroyarsenal62.com\/it\/triennale-v-milane-muzej-dizajna-la-triennale-di\/#breadcrumb","itemListElement":[{"@type":"ListItem","position":1,"name":"Casa","item":"https:\/\/stroyarsenal62.com\/it\/"},{"@type":"ListItem","position":2,"name":"Triennale di Milano. Museo del Design"}]},{"@type":"WebSite","@id":"https:\/\/stroyarsenal62.com\/it\/#website","url":"https:\/\/stroyarsenal62.com\/it\/","name":"StroyArsenal62.com","description":"Tutto su costruzioni e ristrutturazioni dalla A alla Z","potentialAction":[{"@type":"SearchAction","target":{"@type":"EntryPoint","urlTemplate":"https:\/\/stroyarsenal62.com\/it\/?s={search_term_string}"},"query-input":{"@type":"PropertyValueSpecification","valueRequired":true,"valueName":"search_term_string"}}],"inLanguage":"it-IT"},{"@type":"Person","@id":"https:\/\/stroyarsenal62.com\/it\/#\/schema\/person\/b0e49e560f92df02477342a418056e48","name":"Fedor Pavlov","image":{"@type":"ImageObject","inLanguage":"it-IT","@id":"https:\/\/secure.gravatar.com\/avatar\/fb8483b4f02ababeab45b1140bf1301dc6e476c3d730648f4f4c16e927f86d2a?s=96&d=mm&r=g","url":"https:\/\/secure.gravatar.com\/avatar\/fb8483b4f02ababeab45b1140bf1301dc6e476c3d730648f4f4c16e927f86d2a?s=96&d=mm&r=g","contentUrl":"https:\/\/secure.gravatar.com\/avatar\/fb8483b4f02ababeab45b1140bf1301dc6e476c3d730648f4f4c16e927f86d2a?s=96&d=mm&r=g","caption":"Fedor Pavlov"},"description":"Interior designer, autore di libri sul design residenziale. Vi aiuter\u00f2 a rendere la vostra casa non solo funzionale, ma anche bella.","url":"https:\/\/stroyarsenal62.com\/it\/author\/author-publications-it_3\/"}]}},"_links":{"self":[{"href":"https:\/\/stroyarsenal62.com\/it\/wp-json\/wp\/v2\/posts\/129","targetHints":{"allow":["GET"]}}],"collection":[{"href":"https:\/\/stroyarsenal62.com\/it\/wp-json\/wp\/v2\/posts"}],"about":[{"href":"https:\/\/stroyarsenal62.com\/it\/wp-json\/wp\/v2\/types\/post"}],"author":[{"embeddable":true,"href":"https:\/\/stroyarsenal62.com\/it\/wp-json\/wp\/v2\/users\/52"}],"replies":[{"embeddable":true,"href":"https:\/\/stroyarsenal62.com\/it\/wp-json\/wp\/v2\/comments?post=129"}],"version-history":[{"count":0,"href":"https:\/\/stroyarsenal62.com\/it\/wp-json\/wp\/v2\/posts\/129\/revisions"}],"wp:attachment":[{"href":"https:\/\/stroyarsenal62.com\/it\/wp-json\/wp\/v2\/media?parent=129"}],"wp:term":[{"taxonomy":"category","embeddable":true,"href":"https:\/\/stroyarsenal62.com\/it\/wp-json\/wp\/v2\/categories?post=129"},{"taxonomy":"post_tag","embeddable":true,"href":"https:\/\/stroyarsenal62.com\/it\/wp-json\/wp\/v2\/tags?post=129"}],"curies":[{"name":"wp","href":"https:\/\/api.w.org\/{rel}","templated":true}]}}